{"id":304625,"date":"2025-08-08T08:09:21","date_gmt":"2025-08-08T08:09:21","guid":{"rendered":"https:\/\/www.europesays.com\/fr\/304625\/"},"modified":"2025-08-08T08:09:21","modified_gmt":"2025-08-08T08:09:21","slug":"meurthe-et-moselle-des-sacs-a-redons-pour-preserver-lintimite-des-femmes-operees-du-cancer-du-sein","status":"publish","type":"post","link":"https:\/\/www.europesays.com\/fr\/304625\/","title":{"rendered":"Meurthe-et-Moselle. Des sacs \u00e0 redons pour pr\u00e9server l\u2019intimit\u00e9 des femmes op\u00e9r\u00e9es du cancer du sein"},"content":{"rendered":"<p>Dans le cadre de la lutte contre le cancer du sein et pour rendre supportable cette \u00e9preuve, l\u2019association Symphonie\u00a0est n\u00e9e en 2001 \u00e0 Nancy. En 2009, sous la houlette de Chantal Beck, une nouvelle antenne a vu le jour \u00e0 Arrancy-sur-Crusnes, en Meuse, pr\u00e8s de Longuyon, pour \u00e9tendre ses actions dans le Pays-Haut meurthe-et-mosellan et le Nord meusien.<\/p>\n<blockquote class=\"question\"><p>Chantal Beck parlez-nous des actions de l\u2019association Symphonie.<\/p><\/blockquote>\n<p><strong>Chantal Beck.<\/strong> \u00ab\u00a0Nous sommes une association loi de 1901 qui vient en aide \u00e0 toutes les femmes atteintes par toutes les formes de cancer f\u00e9minin notamment celui du&#8230;<\/p>\n","protected":false},"excerpt":{"rendered":"Dans le cadre de la lutte contre le cancer du sein et pour rendre supportable cette \u00e9preuve, l\u2019association&hellip;\n","protected":false},"author":2,"featured_media":304626,"comment_status":"","ping_status":"","sticky":false,"template":"","format":"standard","meta":{"footnotes":""},"categories":[9635],"tags":[1111,11,44452,14237,15834,14238,1777,674,1011,27,775,14236,3457,1702,12,25,71],"class_list":{"0":"post-304625","1":"post","2":"type-post","3":"status-publish","4":"format-standard","5":"has-post-thumbnail","7":"category-nancy","8":"tag-actu","9":"tag-actualites","10":"tag-arrancy-sur-crusne","11":"tag-cc-terre-lorraine-du-longuyonnais-54e","12":"tag-edition-briey","13":"tag-edition-longwy","14":"tag-eu","15":"tag-europe","16":"tag-fr","17":"tag-france","18":"tag-grand-est","19":"tag-longuyon","20":"tag-meurthe-et-moselle","21":"tag-nancy","22":"tag-news","23":"tag-republique-francaise","24":"tag-sante"},"share_on_mastodon":{"url":"https:\/\/pubeurope.com\/@fr\/114992130694818531","error":""},"_links":{"self":[{"href":"https:\/\/www.europesays.com\/fr\/wp-json\/wp\/v2\/posts\/304625","targetHints":{"allow":["GET"]}}],"collection":[{"href":"https:\/\/www.europesays.com\/fr\/wp-json\/wp\/v2\/posts"}],"about":[{"href":"https:\/\/www.europesays.com\/fr\/wp-json\/wp\/v2\/types\/post"}],"author":[{"embeddable":true,"href":"https:\/\/www.europesays.com\/fr\/wp-json\/wp\/v2\/users\/2"}],"replies":[{"embeddable":true,"href":"https:\/\/www.europesays.com\/fr\/wp-json\/wp\/v2\/comments?post=304625"}],"version-history":[{"count":0,"href":"https:\/\/www.europesays.com\/fr\/wp-json\/wp\/v2\/posts\/304625\/revisions"}],"wp:featuredmedia":[{"embeddable":true,"href":"https:\/\/www.europesays.com\/fr\/wp-json\/wp\/v2\/media\/304626"}],"wp:attachment":[{"href":"https:\/\/www.europesays.com\/fr\/wp-json\/wp\/v2\/media?parent=304625"}],"wp:term":[{"taxonomy":"category","embeddable":true,"href":"https:\/\/www.europesays.com\/fr\/wp-json\/wp\/v2\/categories?post=304625"},{"taxonomy":"post_tag","embeddable":true,"href":"https:\/\/www.europesays.com\/fr\/wp-json\/wp\/v2\/tags?post=304625"}],"curies":[{"name":"wp","href":"https:\/\/api.w.org\/{rel}","templated":true}]}}