{"id":304633,"date":"2025-08-08T08:15:09","date_gmt":"2025-08-08T08:15:09","guid":{"rendered":"https:\/\/www.europesays.com\/fr\/304633\/"},"modified":"2025-08-08T08:15:09","modified_gmt":"2025-08-08T08:15:09","slug":"nouvelle-piscine-accrobranche-beatles-nos-idees-sorties-a-rouen-ce-weekend","status":"publish","type":"post","link":"https:\/\/www.europesays.com\/fr\/304633\/","title":{"rendered":"Nouvelle piscine, accrobranche, Beatles&#8230; Nos id\u00e9es sorties \u00e0 Rouen ce weekend"},"content":{"rendered":"<p>            Par<br \/>\n        <strong><br \/>\n            <a href=\"https:\/\/actu.fr\/auteur\/fmass\" title=\"Consulter tous les articles de Fabien Massin\" rel=\"nofollow noopener\" target=\"_blank\">Fabien Massin<\/a><br \/>\n        <\/strong><\/p>\n<p>        Publi\u00e9 le<\/p>\n<p>            8 ao\u00fbt 2025 \u00e0 9h36        <\/p>\n<p>Ao\u00fbtiens de <a href=\"https:\/\/actu.fr\/normandie\/rouen_76540\" rel=\"nofollow noopener\" target=\"_blank\">Rouen (Seine-Maritime)<\/a>, vous \u00eates dans la ville de <a href=\"https:\/\/actu.fr\/tag\/jeanne-d-arc\" rel=\"nofollow noopener\" target=\"_blank\">Jeanne d\u2019Arc<\/a> samedi\u00a09 et dimanche 10\u00a0ao\u00fbt 2025\u2009? Voici quelques <strong>id\u00e9es de loisirs et de sorties<\/strong> \u00e0 faire seul, en famille ou entre amis.<\/p>\n<p>Tester une adresse dans une ambiance ann\u00e9es 90<\/p>\n<p class=\" wall-content\">Nich\u00e9 \u00e0 deux pas de la cath\u00e9drale de Rouen,<a href=\"https:\/\/actu.fr\/normandie\/rouen_76540\/a-rouen-ce-restaurant-100-annees-90-2000-remplace-une-creperie-historique_62983664.html\" rel=\"nofollow noopener\" target=\"_blank\"> le restaurant Le Millenial<\/a> a pris la suite de La Cr\u00eaperie Le Saint Romain. Le menu varie plusieurs fois par semaine, selon les inspirations de la cheffe, entre <strong>cuisine traditionnelle et \u00ab\u2009plats de grand-m\u00e8re\u2009\u00bb<\/strong>.<\/p>\n<p class=\" wall-content\">En plus du midi, Le Millenial est \u00e9galement ouvert<strong> deux soirs par semaine, le vendredi et le samedi<\/strong>. L\u2019\u00e9tablissement propose aussi une formule petit d\u00e9jeuner en mode brunch, d\u00e8s le matin \u00e0 partir de 9\u00a0heures.\u00a0C\u00f4t\u00e9 d\u00e9co, avec des portraits de <strong>Harry Potter, de Dragon Ball Z<\/strong> et tant d\u2019autres r\u00e9f\u00e9rences des ann\u00e9es 90-2000, le lieu baigne dans la nostalgie.<\/p>\n<p>Nager dans une toute nouvelle piscine<\/p>\n<p class=\" wall-content\">Le centre aqualudique<strong> O\u2019Cape<\/strong>, \u00e0 Belbeuf, a ouvert ses portes lundi 4\u00a0ao\u00fbt 2025 apr\u00e8s trois ans d\u2019attente (et 19\u00a0millions d\u2019euros d\u2019investissement). Bassin ludique, pataugeoire, grand bassin, toboggans\u2026 <a href=\"https:\/\/actu.fr\/normandie\/belbeuf_76069\/en-images-decouvrez-la-piscine-du-plateau-est-de-rouen-avant-son-ouverture_62985976.html\" rel=\"nofollow noopener\" target=\"_blank\">on vous fait d\u00e9couvrir le lieu<\/a>.<\/p>\n<p>Profiter des nouveaux horaires de Cath\u00e9drale de lumi\u00e8re<\/p>\n<p class=\" wall-content\">Nous avan\u00e7ons dans l\u2019\u00e9t\u00e9, la nuit tombe plus t\u00f4t, la projection du son et lumi\u00e8re sur la fa\u00e7ade de la cath\u00e9drale passe donc de 23\u00a0heures \u00e0 22h30 jusqu\u2019au 15\u00a0ao\u00fbt. Le spectacle comprend deux volets, Vikings, d\u00e9j\u00e0 pr\u00e9sent\u00e9 il y a quelques ann\u00e9es, et Optic Gothic, une cr\u00e9ation quasi in\u00e9dite. Ses concepteurs puisent leur inspiration dans <strong>l\u2019Op Art, ou l\u2019art optique<\/strong>. <a href=\"https:\/\/actu.fr\/normandie\/rouen_76540\/un-spectacle-quasi-inedit-a-l-affiche-de-cathedrale-de-lumiere-a-rouen-ce-que-nous-en-avons-pense_62714486.html\" rel=\"nofollow noopener\" target=\"_blank\">Voici ce que nous en avons pens\u00e9<\/a>.<\/p>\n<p>Se promener d\u2019arbre en arbre sur l\u2019\u00cele Lacroix<\/p>\n<p class=\" wall-content\">Envie de prendre de la hauteur\u2009? Nich\u00e9 dans le <strong>parc Jacques-Chastellain sur l\u2019\u00eele Lacroix<\/strong>, le parcours accrobranche AccroCamp <a href=\"https:\/\/actu.fr\/normandie\/rouen_76540\/video-le-parc-accrobranche-de-l-ile-lacroix-est-ouvert-on-l-a-visite_59362461.html\" rel=\"nofollow noopener\" target=\"_blank\">a ouvert ses portes il y a deux ans<\/a>.<\/p>\n<p class=\" wall-content\">Sept parcours ont \u00e9t\u00e9 con\u00e7us, dont deux situ\u00e9s \u00e0 gauche du parc <strong>pour les jeunes enfants<\/strong>. Concernant les cinq parcours \u00ab\u2009adultes\u2009\u00bb (\u00e0 partir de 1m30), il y en a pour tous les niveaux.<\/p>\n<p>\u00c9couter des chansons des Beatles en live<\/p>\n<p class=\" wall-content\">Pendant l\u2019\u00e9t\u00e9, le vendredi soir au <a href=\"https:\/\/actu.fr\/normandie\/duclair_76222\/concerts-food-trucks-marche-et-feu-d-artifice-dans-un-chateau-a-20-minutes-de-rouen_61463334.html\" rel=\"nofollow noopener\" target=\"_blank\">ch\u00e2teau du Taillis<\/a> \u00e0 Duclair, c\u2019est concerts, march\u00e9s et food-trucks dans le parc. Vendredi 8\u00a0ao\u00fbt 2025, le groupe <strong>Beatles Artifact<\/strong> est au programme (\u00e0 partir de 18 heures, entr\u00e9e 5 euros, gratuit pour les moins de 18 ans et les \u00e9tudiants).<\/p>\n<p>Suivez l\u2019actualit\u00e9 de Rouen sur notre <a href=\"https:\/\/www.whatsapp.com\/channel\/0029VaKfnf99hXF2ddApFB1D\" rel=\"nofollow noopener\" target=\"_blank\">cha\u00eene WhatsApp<\/a> et sur notre <a href=\"https:\/\/www.tiktok.com\/@76actu.fr?lang=fr\" rel=\"nofollow noopener\" target=\"_blank\">compte TikTok<\/a><\/p>\n<p class=\" wall-content\">Suivez toute l\u2019actualit\u00e9 de vos villes et m\u00e9dias favoris en vous inscrivant \u00e0 <a href=\"https:\/\/moncompte.actu.fr\" title=\"D\u00e9couvez Mon Actu\" rel=\"nofollow noopener\" data-trk=\"{&quot;cta&quot;:{&quot;action&quot;:&quot;https:\\\/\\\/moncompte.actu.fr&quot;,&quot;category&quot;:&quot;mon compte&quot;,&quot;from&quot;:&quot;article footer&quot;,&quot;name&quot;:&quot;Mon actu&quot;,&quot;type&quot;:&quot;cta&quot;}}\" target=\"_blank\">Mon Actu<\/a>.<\/p>\n<p>                    <script async src=\"\/\/www.tiktok.com\/embed.js\"><\/script><\/p>\n","protected":false},"excerpt":{"rendered":"Par Fabien Massin Publi\u00e9 le 8 ao\u00fbt 2025 \u00e0 9h36 Ao\u00fbtiens de Rouen (Seine-Maritime), vous \u00eates dans la&hellip;\n","protected":false},"author":2,"featured_media":304634,"comment_status":"","ping_status":"","sticky":false,"template":"","format":"standard","meta":{"footnotes":""},"categories":[9587],"tags":[1111,11,9086,1777,674,1011,27,14168,1652,12,5161,3147,25,9590],"class_list":{"0":"post-304633","1":"post","2":"type-post","3":"status-publish","4":"format-standard","5":"has-post-thumbnail","7":"category-rouen","8":"tag-actu","9":"tag-actualites","10":"tag-bon-plan-a-rouen","11":"tag-eu","12":"tag-europe","13":"tag-fr","14":"tag-france","15":"tag-jeanne-darc","16":"tag-loisirs-culture","17":"tag-news","18":"tag-normandie","19":"tag-nouveaux-commerces","20":"tag-republique-francaise","21":"tag-rouen"},"share_on_mastodon":{"url":"https:\/\/pubeurope.com\/@fr\/114992154143461341","error":""},"_links":{"self":[{"href":"https:\/\/www.europesays.com\/fr\/wp-json\/wp\/v2\/posts\/304633","targetHints":{"allow":["GET"]}}],"collection":[{"href":"https:\/\/www.europesays.com\/fr\/wp-json\/wp\/v2\/posts"}],"about":[{"href":"https:\/\/www.europesays.com\/fr\/wp-json\/wp\/v2\/types\/post"}],"author":[{"embeddable":true,"href":"https:\/\/www.europesays.com\/fr\/wp-json\/wp\/v2\/users\/2"}],"replies":[{"embeddable":true,"href":"https:\/\/www.europesays.com\/fr\/wp-json\/wp\/v2\/comments?post=304633"}],"version-history":[{"count":0,"href":"https:\/\/www.europesays.com\/fr\/wp-json\/wp\/v2\/posts\/304633\/revisions"}],"wp:featuredmedia":[{"embeddable":true,"href":"https:\/\/www.europesays.com\/fr\/wp-json\/wp\/v2\/media\/304634"}],"wp:attachment":[{"href":"https:\/\/www.europesays.com\/fr\/wp-json\/wp\/v2\/media?parent=304633"}],"wp:term":[{"taxonomy":"category","embeddable":true,"href":"https:\/\/www.europesays.com\/fr\/wp-json\/wp\/v2\/categories?post=304633"},{"taxonomy":"post_tag","embeddable":true,"href":"https:\/\/www.europesays.com\/fr\/wp-json\/wp\/v2\/tags?post=304633"}],"curies":[{"name":"wp","href":"https:\/\/api.w.org\/{rel}","templated":true}]}}