{"id":304637,"date":"2025-08-08T08:17:09","date_gmt":"2025-08-08T08:17:09","guid":{"rendered":"https:\/\/www.europesays.com\/fr\/304637\/"},"modified":"2025-08-08T08:17:09","modified_gmt":"2025-08-08T08:17:09","slug":"grenoble-et-lisere-placees-en-vigilance-orange-canicule-ce-vendredi","status":"publish","type":"post","link":"https:\/\/www.europesays.com\/fr\/304637\/","title":{"rendered":"Grenoble et l\u2019Is\u00e8re plac\u00e9es en vigilance orange canicule ce vendredi"},"content":{"rendered":"<p itemprop=\"description\"><strong>Les fortes chaleurs sont de retour.<\/strong><\/p>\n<p>Cette semaine est marqu\u00e9e par l\u2019arriv\u00e9e d\u2019un nouvel \u00e9pisode de fortes chaleurs. Et l\u2019Is\u00e8re n\u2019y \u00e9chappe pas. M\u00e9t\u00e9o-France a plac\u00e9 11 d\u00e9partements, dont le territoire de Grenoble, en alerte orange canicule pour la journ\u00e9e de vendredi. Il fera notamment pr\u00e8s de 35 degr\u00e9s dans la capitale des Alpes, cet apr\u00e8s-midi.<\/p>\n<p>La journ\u00e9e de samedi s\u2019annonce encore plus chaude, puisque six autres d\u00e9partements s\u2019ajouteront \u00e0 la vigilance orange canicule. En Is\u00e8re, un pic \u00e0 38 degr\u00e9s est pr\u00e9vu \u00e0 Vienne. Il fera presqu\u2019aussi chaud \u00e0 Grenoble, avec un mercure avoisinant les 37 degr\u00e9s.<\/p>\n<p>Soyez donc vigilants dans les prochains jours. Les fortes chaleurs, quant \u00e0 elles, ne sont pas pr\u00eates de redescendre. \u00ab\u00a0Les fortes chaleurs auront tendance \u00e0 s&rsquo;accentuer et \u00e0 s&rsquo;\u00e9tendre les jours suivants. Elles se poursuivront en d\u00e9but de semaine prochaine\u00a0\u00bb, annonce M\u00e9t\u00e9o-France.<\/p>\n<blockquote class=\"twitter-tweet\"><p>&#13;<\/p>\n<p dir=\"ltr\" lang=\"fr\">Un \u00e9pisode caniculaire d\u00e9bute ce jour sur le Sud-Ouest et le Centre-Est. Les fortes chaleurs vont s&rsquo;accentuer et s&rsquo;\u00e9tendre les jours suivants.<\/p>\n<p>\ud83d\udfe0 11 d\u00e9partements en <a href=\"https:\/\/twitter.com\/hashtag\/VigilanceOrange?src=hash&amp;ref_src=twsrc%5Etfw\" target=\"_blank\" rel=\"noopener\">#VigilanceOrange<\/a> <a href=\"https:\/\/twitter.com\/hashtag\/canicule?src=hash&amp;ref_src=twsrc%5Etfw\" target=\"_blank\" rel=\"noopener\">#canicule<\/a> d\u00e8s 12h, puis 17 d\u00e9partements pour samedi.<\/p>\n<p>Restez inform\u00e9s : <a href=\"https:\/\/t.co\/SBcDaJ44jS\">https:\/\/t.co\/SBcDaJ44jS<\/a> <a href=\"https:\/\/t.co\/brnF1BlUzH\">pic.twitter.com\/brnF1BlUzH<\/a><\/p>\n<p>&#13;<br \/>\n\u2014 M\u00e9t\u00e9o-France (@meteofrance) <a href=\"https:\/\/twitter.com\/meteofrance\/status\/1953700849156600190?ref_src=twsrc%5Etfw\" target=\"_blank\" rel=\"noopener\">August 8, 2025<\/a><\/p><\/blockquote>\n<p>\t\t\t\t\t\t\t\t\t\t\t\t\t\t\t\t\t\t\t<script async src=\"https:\/\/platform.twitter.com\/widgets.js\" charset=\"utf-8\"><\/script><\/p>\n","protected":false},"excerpt":{"rendered":"Les fortes chaleurs sont de retour. Cette semaine est marqu\u00e9e par l\u2019arriv\u00e9e d\u2019un nouvel \u00e9pisode de fortes chaleurs.&hellip;\n","protected":false},"author":2,"featured_media":304638,"comment_status":"","ping_status":"","sticky":false,"template":"","format":"standard","meta":{"footnotes":""},"categories":[9566],"tags":[1111,11,7733,8279,2430,7736,650,7734,2889,2263,1777,674,1011,27,2731,8280,6417,1114,108,4662,12,3725,1825,25,7737],"class_list":{"0":"post-304637","1":"post","2":"type-post","3":"status-publish","4":"format-standard","5":"has-post-thumbnail","7":"category-grenoble","8":"tag-actu","9":"tag-actualites","10":"tag-alpes","11":"tag-alpes1","12":"tag-auvergne-rhone-alpes","13":"tag-cds","14":"tag-cinema","15":"tag-ecoute","16":"tag-emission","17":"tag-equipe","18":"tag-eu","19":"tag-europe","20":"tag-fr","21":"tag-france","22":"tag-grenoble","23":"tag-haute","24":"tag-information","25":"tag-infos","26":"tag-isere","27":"tag-journal","28":"tag-news","29":"tag-podcast","30":"tag-radio","31":"tag-republique-francaise","32":"tag-winamp"},"share_on_mastodon":{"url":"https:\/\/pubeurope.com\/@fr\/114992161947996935","error":""},"_links":{"self":[{"href":"https:\/\/www.europesays.com\/fr\/wp-json\/wp\/v2\/posts\/304637","targetHints":{"allow":["GET"]}}],"collection":[{"href":"https:\/\/www.europesays.com\/fr\/wp-json\/wp\/v2\/posts"}],"about":[{"href":"https:\/\/www.europesays.com\/fr\/wp-json\/wp\/v2\/types\/post"}],"author":[{"embeddable":true,"href":"https:\/\/www.europesays.com\/fr\/wp-json\/wp\/v2\/users\/2"}],"replies":[{"embeddable":true,"href":"https:\/\/www.europesays.com\/fr\/wp-json\/wp\/v2\/comments?post=304637"}],"version-history":[{"count":0,"href":"https:\/\/www.europesays.com\/fr\/wp-json\/wp\/v2\/posts\/304637\/revisions"}],"wp:featuredmedia":[{"embeddable":true,"href":"https:\/\/www.europesays.com\/fr\/wp-json\/wp\/v2\/media\/304638"}],"wp:attachment":[{"href":"https:\/\/www.europesays.com\/fr\/wp-json\/wp\/v2\/media?parent=304637"}],"wp:term":[{"taxonomy":"category","embeddable":true,"href":"https:\/\/www.europesays.com\/fr\/wp-json\/wp\/v2\/categories?post=304637"},{"taxonomy":"post_tag","embeddable":true,"href":"https:\/\/www.europesays.com\/fr\/wp-json\/wp\/v2\/tags?post=304637"}],"curies":[{"name":"wp","href":"https:\/\/api.w.org\/{rel}","templated":true}]}}