{"id":304639,"date":"2025-08-08T08:18:09","date_gmt":"2025-08-08T08:18:09","guid":{"rendered":"https:\/\/www.europesays.com\/fr\/304639\/"},"modified":"2025-08-08T08:18:09","modified_gmt":"2025-08-08T08:18:09","slug":"le-point-infirmerie-avant-estac-gf38","status":"publish","type":"post","link":"https:\/\/www.europesays.com\/fr\/304639\/","title":{"rendered":"Le point infirmerie avant ESTAC &#8211; GF38"},"content":{"rendered":"<p style=\"font-size:20px\"><strong>Les footballeurs du GF38 prennent la route pour Troyes ce vendredi apr\u00e8s-midi pour aller d\u00e9fier l\u2019ESTAC ce 9 ao\u00fbt \u00e0 l\u2019occasion de la premi\u00e8re journ\u00e9e de Ligue 2. Avec quelques absents m\u00eame si Franck Rizzetto pourra compter sur l\u2019essentiel de ses troupes. <\/strong><\/p>\n<p>Manqueront \u00e0 l\u2019appel les deux bless\u00e9s de la pr\u00e9paration : Alan K\u00e9rou\u00e9dan et Ga\u00ebtan Paquiez, tous les deux sur le flanc pour quelques semaines. Un joueur suppl\u00e9mentaire est venu se rajouter \u00e0 la liste : le piston droit Ange-Lo\u00efc N\u2019Gatta, qui souffre d\u2019une petite g\u00e8ne musculaire et pour qui aucun risque ne sera pris.<\/p>\n<p>Malgr\u00e9 une petite frayeur dans la semaine et un pied \u00ab\u00a0color\u00e9\u00a0\u00bb \u00e0 cause d\u2019un h\u00e9matome le milieu de terrain Th\u00e9o Valls sera bien pr\u00e9sent.<\/p>\n<p><strong>Composition possible :<\/strong> Diop \u2013 Zahui, Delos, Mouyokolo, Mambo, Xantippe \u2013 Valls, Benet \u2013 Mouazan, Diaby, Bangr\u00e9. <\/p>\n","protected":false},"excerpt":{"rendered":"Les footballeurs du GF38 prennent la route pour Troyes ce vendredi apr\u00e8s-midi pour aller d\u00e9fier l\u2019ESTAC ce 9&hellip;\n","protected":false},"author":2,"featured_media":304640,"comment_status":"","ping_status":"","sticky":false,"template":"","format":"standard","meta":{"footnotes":""},"categories":[9566],"tags":[1111,11,2430,1777,674,1011,27,2731,12,25],"class_list":{"0":"post-304639","1":"post","2":"type-post","3":"status-publish","4":"format-standard","5":"has-post-thumbnail","7":"category-grenoble","8":"tag-actu","9":"tag-actualites","10":"tag-auvergne-rhone-alpes","11":"tag-eu","12":"tag-europe","13":"tag-fr","14":"tag-france","15":"tag-grenoble","16":"tag-news","17":"tag-republique-francaise"},"share_on_mastodon":{"url":"https:\/\/pubeurope.com\/@fr\/114992165946897886","error":""},"_links":{"self":[{"href":"https:\/\/www.europesays.com\/fr\/wp-json\/wp\/v2\/posts\/304639","targetHints":{"allow":["GET"]}}],"collection":[{"href":"https:\/\/www.europesays.com\/fr\/wp-json\/wp\/v2\/posts"}],"about":[{"href":"https:\/\/www.europesays.com\/fr\/wp-json\/wp\/v2\/types\/post"}],"author":[{"embeddable":true,"href":"https:\/\/www.europesays.com\/fr\/wp-json\/wp\/v2\/users\/2"}],"replies":[{"embeddable":true,"href":"https:\/\/www.europesays.com\/fr\/wp-json\/wp\/v2\/comments?post=304639"}],"version-history":[{"count":0,"href":"https:\/\/www.europesays.com\/fr\/wp-json\/wp\/v2\/posts\/304639\/revisions"}],"wp:featuredmedia":[{"embeddable":true,"href":"https:\/\/www.europesays.com\/fr\/wp-json\/wp\/v2\/media\/304640"}],"wp:attachment":[{"href":"https:\/\/www.europesays.com\/fr\/wp-json\/wp\/v2\/media?parent=304639"}],"wp:term":[{"taxonomy":"category","embeddable":true,"href":"https:\/\/www.europesays.com\/fr\/wp-json\/wp\/v2\/categories?post=304639"},{"taxonomy":"post_tag","embeddable":true,"href":"https:\/\/www.europesays.com\/fr\/wp-json\/wp\/v2\/tags?post=304639"}],"curies":[{"name":"wp","href":"https:\/\/api.w.org\/{rel}","templated":true}]}}