{"id":304649,"date":"2025-08-08T08:25:33","date_gmt":"2025-08-08T08:25:33","guid":{"rendered":"https:\/\/www.europesays.com\/fr\/304649\/"},"modified":"2025-08-08T08:25:33","modified_gmt":"2025-08-08T08:25:33","slug":"de-vertou-a-clisson-cette-famille-a-passe-une-semaine-de-vacances-en-autonomie-avec-des-anes","status":"publish","type":"post","link":"https:\/\/www.europesays.com\/fr\/304649\/","title":{"rendered":"De Vertou \u00e0 Clisson, cette famille a pass\u00e9 une semaine de vacances en autonomie avec&#8230; des \u00e2nes"},"content":{"rendered":"<p>            Par<br \/>\n        <strong><br \/>\n            <a href=\"https:\/\/actu.fr\/auteur\/journaliste-sm\" title=\"Consulter tous les articles de R\u00e9daction Clisson\" target=\"_blank\" rel=\"noopener\">R\u00e9daction Clisson<\/a><br \/>\n        <\/strong><\/p>\n<p>        Publi\u00e9 le<\/p>\n<p>            7 ao\u00fbt 2025 \u00e0 16h13        <\/p>\n<p>C\u2019est \u00e0 pied, accompagn\u00e9s de leurs deux \u00e2nes, Violoncelle et Domino, qu\u2019ils ont d\u00e9cid\u00e9 de parcourir la semaine sur le GRP S\u00e8vre et Maine, la boucle qui relie <a href=\"https:\/\/actu.fr\/pays-de-la-loire\/vertou_44215\" target=\"_blank\" rel=\"noopener\">Vertou<\/a> \u00e0 <a href=\"https:\/\/actu.fr\/pays-de-la-loire\/clisson_44043\" target=\"_blank\" rel=\"noopener\">Clisson<\/a>.<\/p>\n<p class=\" wall-content\">Avec Nina, 6 ans, et Will, 4 ans, Ana\u00efs Pineau et Antoine partagent leur passion <b>pour la randonn\u00e9e depuis plusieurs ann\u00e9es<\/b>.<\/p>\n<p class=\" wall-content\">Avant d\u2019\u00eatre parents, ils \u00e9taient d\u00e9j\u00e0 adeptes de ce mode de vacances.<\/p>\n<p class=\" wall-content\">Avec l\u2019arriv\u00e9e de Nina, ils se sont adapt\u00e9s. Antoine se souvient avoir port\u00e9 Nina dans un porte-b\u00e9b\u00e9<b> lors d\u2019un s\u00e9jour dans les Pyr\u00e9n\u00e9es<\/b>.<\/p>\n<p class=\" wall-content\">Lorsque l\u2019occasion s\u2019est pr\u00e9sent\u00e9e de d\u00e9couvrir les balades \u00e0 dos d\u2019\u00e2ne, cela leur a sembl\u00e9 \u00e9vident.<\/p>\n<p>Vid\u00e9os : en ce moment sur Actu<\/p>\n<p class=\" wall-content\">Le c\u00f4t\u00e9 pratique d\u2019abord, les \u00e2nes portent le mat\u00e9riel et les enfants, et le c\u00f4t\u00e9 original, qui favorise les rencontres avec les marcheurs, les habitants, les randonneurs en bivouac\u2026<\/p>\n<p class=\" wall-content\">Les deux comp\u00e8res aux grandes oreilles sont souvent source de curiosit\u00e9.<\/p>\n<p>\u00ab\u00a0Ils ont fini mes carottes r\u00e2p\u00e9es ce midi\u00a0\u00bb<\/p>\n<p class=\" wall-content\">Leur premi\u00e8re halte s\u2019est faite au camping des Noues, <a href=\"https:\/\/actu.fr\/pays-de-la-loire\/maisdon-sur-sevre_44088\" target=\"_blank\" rel=\"noopener\">\u00e0 Maisdon-sur-S\u00e8vre<\/a>, o\u00f9 ils ont \u00e9t\u00e9 chaleureusement accueillis par Gwendoline et Valentin.<\/p>\n<p class=\" wall-content\">Les \u00e2nes en s\u00e9curit\u00e9 dans leur enclos mobile, la famille a ainsi pu profiter du cadre reposant au camping pour reprendre des forces.<\/p>\n<p class=\" wall-content\">Les enfants entretiennent une belle complicit\u00e9 avec les \u00e2nes.<\/p>\n<p class=\" wall-content\">Selon Nina, Violoncelle est plus peureux, tandis que Domino, le plus jeune, est un vrai petit clown.<\/p>\n<p class=\" wall-content\">\u00ab Ils ont fini mes carottes r\u00e2p\u00e9es ce midi \u00bb, raconte la fillette qui a plus d\u2019une anecdote sur ses compagnons de route \u00e0 relater.<\/p>\n<p class=\" wall-content\">Tout au long de la semaine, Violoncelle et Domino les ont accompagn\u00e9s lors des <b>\u00e9tapes \u00e0 Remouill\u00e9, Saint-Hilaire-de-Loulay<\/b>, Clisson, dans des campings \u00e0 la ferme, puis \u00e0 Monni\u00e8res, o\u00f9 ils ont s\u00e9journ\u00e9 en g\u00eete.<\/p>\n<p class=\" wall-content\">Apr\u00e8s une semaine d\u2019efforts, ils appr\u00e9cient le confort de cette derni\u00e8re \u00e9tape.<\/p>\n<p>Une association cr\u00e9\u00e9e<\/p>\n<p class=\" wall-content\">En parall\u00e8le, Ana\u00efs Pineau a fond\u00e9 son association, \u00ab Les Balades d\u2019An\u2019ais \u00bb, le 17\u00a0mai dernier, avec pour objectif d\u2019inciter petits et grands \u00e0 marcher, \u00e0 d\u00e9couvrir les joies de la randonn\u00e9e.<\/p>\n<p class=\" wall-content\">Elle propose des balades en autonomie<b> sur plusieurs circuits allant de 4 \u00e0 9\u00a0km, les mercredis et samedis.<\/b><\/p>\n<p class=\" wall-content\">Cette semaine en famille leur permet de tester de nouveaux itin\u00e9raires, afin d\u2019envisager de pouvoir \u00e9largir leur offre de balades.<\/p>\n<p>Renseignements et r\u00e9servation : 06 18 20 35 41 ou\u00a0<a href=\"https:\/\/actu.fr\/cdn-cgi\/l\/email-protection\" class=\"__cf_email__\" data-cfemail=\"59353c2a3b3835383d3c2a3d383738302a193e34383035773a3634\" target=\"_blank\" rel=\"noopener\">[email\u00a0protected]<\/a><\/p>\n<p class=\" wall-content\">Suivez toute l\u2019actualit\u00e9 de vos villes et m\u00e9dias favoris en vous inscrivant \u00e0 <a href=\"https:\/\/moncompte.actu.fr\" title=\"D\u00e9couvez Mon Actu\" rel=\"nofollow noopener\" data-trk=\"{&quot;cta&quot;:{&quot;action&quot;:&quot;https:\\\/\\\/moncompte.actu.fr&quot;,&quot;category&quot;:&quot;mon compte&quot;,&quot;from&quot;:&quot;article footer&quot;,&quot;name&quot;:&quot;Mon actu&quot;,&quot;type&quot;:&quot;cta&quot;}}\" target=\"_blank\">Mon Actu<\/a>.<\/p>\n","protected":false},"excerpt":{"rendered":"Par R\u00e9daction Clisson Publi\u00e9 le 7 ao\u00fbt 2025 \u00e0 16h13 C\u2019est \u00e0 pied, accompagn\u00e9s de leurs deux \u00e2nes,&hellip;\n","protected":false},"author":2,"featured_media":304650,"comment_status":"","ping_status":"","sticky":false,"template":"","format":"standard","meta":{"footnotes":""},"categories":[2818],"tags":[1111,11,1867,1777,674,1011,27,766,12,2636,25,104,3176,2900],"class_list":{"0":"post-304649","1":"post","2":"type-post","3":"status-publish","4":"format-standard","5":"has-post-thumbnail","7":"category-nantes","8":"tag-actu","9":"tag-actualites","10":"tag-animaux","11":"tag-eu","12":"tag-europe","13":"tag-fr","14":"tag-france","15":"tag-nantes","16":"tag-news","17":"tag-pays-de-la-loire","18":"tag-republique-francaise","19":"tag-societe","20":"tag-vacances-scolaires","21":"tag-vignoble-nantais"},"share_on_mastodon":{"url":"https:\/\/pubeurope.com\/@fr\/114992193455689732","error":""},"_links":{"self":[{"href":"https:\/\/www.europesays.com\/fr\/wp-json\/wp\/v2\/posts\/304649","targetHints":{"allow":["GET"]}}],"collection":[{"href":"https:\/\/www.europesays.com\/fr\/wp-json\/wp\/v2\/posts"}],"about":[{"href":"https:\/\/www.europesays.com\/fr\/wp-json\/wp\/v2\/types\/post"}],"author":[{"embeddable":true,"href":"https:\/\/www.europesays.com\/fr\/wp-json\/wp\/v2\/users\/2"}],"replies":[{"embeddable":true,"href":"https:\/\/www.europesays.com\/fr\/wp-json\/wp\/v2\/comments?post=304649"}],"version-history":[{"count":0,"href":"https:\/\/www.europesays.com\/fr\/wp-json\/wp\/v2\/posts\/304649\/revisions"}],"wp:featuredmedia":[{"embeddable":true,"href":"https:\/\/www.europesays.com\/fr\/wp-json\/wp\/v2\/media\/304650"}],"wp:attachment":[{"href":"https:\/\/www.europesays.com\/fr\/wp-json\/wp\/v2\/media?parent=304649"}],"wp:term":[{"taxonomy":"category","embeddable":true,"href":"https:\/\/www.europesays.com\/fr\/wp-json\/wp\/v2\/categories?post=304649"},{"taxonomy":"post_tag","embeddable":true,"href":"https:\/\/www.europesays.com\/fr\/wp-json\/wp\/v2\/tags?post=304649"}],"curies":[{"name":"wp","href":"https:\/\/api.w.org\/{rel}","templated":true}]}}