{"id":30466,"date":"2025-04-17T01:32:11","date_gmt":"2025-04-17T01:32:11","guid":{"rendered":"https:\/\/www.europesays.com\/fr\/30466\/"},"modified":"2025-04-17T01:32:11","modified_gmt":"2025-04-17T01:32:11","slug":"les-feux-de-lamour-resume-de-lepisode-du-16-avril-2025-rtbf-les-resumes","status":"publish","type":"post","link":"https:\/\/www.europesays.com\/fr\/30466\/","title":{"rendered":"Les Feux de l&rsquo;Amour: R\u00e9sum\u00e9 de l&rsquo;\u00e9pisode du 16 avril 2025 (Rtbf) | Les r\u00e9sum\u00e9s"},"content":{"rendered":"<p>\u00c0 la maison, <a href=\"https:\/\/www.soap-passion.com\/les-feux-de-l-amour\/personnage\/72-nate.html\" rel=\"nofollow noopener\" target=\"_blank\">Nate<\/a> explique \u00e0 <a href=\"https:\/\/www.soap-passion.com\/les-feux-de-l-amour\/personnage\/1803-elena.html\" rel=\"nofollow noopener\" target=\"_blank\">Elena<\/a> ce qu&rsquo;il s&rsquo;est pass\u00e9 chez Chancellor-Winters : Il a dit \u00e0 tout le monde ce qu&rsquo;il a fait et <a href=\"https:\/\/www.soap-passion.com\/les-feux-de-l-amour\/personnage\/162-devon.html\" rel=\"nofollow noopener\" target=\"_blank\">Devon<\/a> l&rsquo;a vir\u00e9. S&rsquo;il a fait tout \u00e7a, c&rsquo;est pour <a href=\"https:\/\/www.soap-passion.com\/les-feux-de-l-amour\/personnage\/1803-elena.html\" rel=\"nofollow noopener\" target=\"_blank\">Elena<\/a>, car il ne veut pas la perdre. Il avait de grands projets pour Chancellor-Winters, mais <a href=\"https:\/\/www.soap-passion.com\/les-feux-de-l-amour\/personnage\/72-nate.html\" rel=\"nofollow noopener\" target=\"_blank\">Nate<\/a> a pr\u00e9f\u00e9r\u00e9 y renoncer pour sauver sa relation avec <a href=\"https:\/\/www.soap-passion.com\/les-feux-de-l-amour\/personnage\/1803-elena.html\" rel=\"nofollow noopener\" target=\"_blank\">Elena<\/a> car elle en vaut la peine&#8230; Tandis qu&rsquo;il prend sa main, <a href=\"https:\/\/www.soap-passion.com\/les-feux-de-l-amour\/personnage\/1803-elena.html\" rel=\"nofollow noopener\" target=\"_blank\">Elena<\/a> se d\u00e9tourne : \u00ab Je suis s\u00fbre que tu t&rsquo;en sortira \u00bb \u2013 \u00ab\u00a0Qu&rsquo;on s&rsquo;en sortira, tu veux dire ? \u00bb, lui demande <a href=\"https:\/\/www.soap-passion.com\/les-feux-de-l-amour\/personnage\/72-nate.html\" rel=\"nofollow noopener\" target=\"_blank\">Nate<\/a>. Mais <a href=\"https:\/\/www.soap-passion.com\/les-feux-de-l-amour\/personnage\/1803-elena.html\" rel=\"nofollow noopener\" target=\"_blank\">Elena<\/a> ne fera pas marche arri\u00e8re : Leur histoire est finie. <\/p>\n<p>Lorsqu&rsquo;il voit <a href=\"https:\/\/www.soap-passion.com\/les-feux-de-l-amour\/personnage\/31-ashley.html\" rel=\"nofollow noopener\" target=\"_blank\">Ashley<\/a> au Society, <a href=\"https:\/\/www.soap-passion.com\/les-feux-de-l-amour\/personnage\/33-jack.html\" rel=\"nofollow noopener\" target=\"_blank\">Jack<\/a> est surpris d&rsquo;apprendre qu&rsquo;elle attend <a href=\"https:\/\/www.soap-passion.com\/les-feux-de-l-amour\/personnage\/869-tucker.html\" rel=\"nofollow noopener\" target=\"_blank\">Tucker<\/a> ; il a insist\u00e9 pour l&rsquo;inviter \u00e0 d\u00eener, et &#8230;<\/p>\n<p>    R\u00e9serv\u00e9 aux abonn\u00e9s !<br \/>\n    &#8230; Il vous reste 93% de ce texte \u00e0 lire.<br \/>\n    <br \/>Soutenez Soap-Passion,  <a href=\"https:\/\/www.soap-passion.com\/login\" rel=\"nofollow noopener\" target=\"_blank\">abonnez-vous<\/a> pour lire la suite !<\/p>\n<p class=\"text-center fst-italic m-5 pb-5\">Pour suivre le prochain \u00e9pisode de \u00ab\u00a0Les Feux de l&rsquo;Amour\u00a0\u00bb en Belgique, c&rsquo;est tous les jours, sur la cha\u00eene RTBF \u00e0 11:55<\/p>\n<p>\u00a9 Soap-Passion.com &#8211; Reproduction compl\u00e8te ou partielle interdite <\/p>\n","protected":false},"excerpt":{"rendered":"\u00c0 la maison, Nate explique \u00e0 Elena ce qu&rsquo;il s&rsquo;est pass\u00e9 chez Chancellor-Winters : Il a dit \u00e0&hellip;\n","protected":false},"author":2,"featured_media":30467,"comment_status":"","ping_status":"","sticky":false,"template":"","format":"standard","meta":{"footnotes":""},"categories":[1356],"tags":[58,59,1011,27,1375,252,1364],"class_list":{"0":"post-30466","1":"post","2":"type-post","3":"status-publish","4":"format-standard","5":"has-post-thumbnail","7":"category-television","8":"tag-divertissement","9":"tag-entertainment","10":"tag-fr","11":"tag-france","12":"tag-les-feux-de-l","13":"tag-television","14":"tag-tv"},"share_on_mastodon":{"url":"https:\/\/pubeurope.com\/@fr\/114350728400666840","error":""},"_links":{"self":[{"href":"https:\/\/www.europesays.com\/fr\/wp-json\/wp\/v2\/posts\/30466","targetHints":{"allow":["GET"]}}],"collection":[{"href":"https:\/\/www.europesays.com\/fr\/wp-json\/wp\/v2\/posts"}],"about":[{"href":"https:\/\/www.europesays.com\/fr\/wp-json\/wp\/v2\/types\/post"}],"author":[{"embeddable":true,"href":"https:\/\/www.europesays.com\/fr\/wp-json\/wp\/v2\/users\/2"}],"replies":[{"embeddable":true,"href":"https:\/\/www.europesays.com\/fr\/wp-json\/wp\/v2\/comments?post=30466"}],"version-history":[{"count":0,"href":"https:\/\/www.europesays.com\/fr\/wp-json\/wp\/v2\/posts\/30466\/revisions"}],"wp:featuredmedia":[{"embeddable":true,"href":"https:\/\/www.europesays.com\/fr\/wp-json\/wp\/v2\/media\/30467"}],"wp:attachment":[{"href":"https:\/\/www.europesays.com\/fr\/wp-json\/wp\/v2\/media?parent=30466"}],"wp:term":[{"taxonomy":"category","embeddable":true,"href":"https:\/\/www.europesays.com\/fr\/wp-json\/wp\/v2\/categories?post=30466"},{"taxonomy":"post_tag","embeddable":true,"href":"https:\/\/www.europesays.com\/fr\/wp-json\/wp\/v2\/tags?post=30466"}],"curies":[{"name":"wp","href":"https:\/\/api.w.org\/{rel}","templated":true}]}}