{"id":304670,"date":"2025-08-08T08:36:12","date_gmt":"2025-08-08T08:36:12","guid":{"rendered":"https:\/\/www.europesays.com\/fr\/304670\/"},"modified":"2025-08-08T08:36:12","modified_gmt":"2025-08-08T08:36:12","slug":"lyon-une-canicule-interminable-le-departement-du-rhone-passe-en-vigilance-orange","status":"publish","type":"post","link":"https:\/\/www.europesays.com\/fr\/304670\/","title":{"rendered":"Lyon. \u00ab\u00a0Une canicule interminable\u00a0\u00bb, le d\u00e9partement du Rh\u00f4ne passe en vigilance orange"},"content":{"rendered":"<p>            Par<br \/>\n        <strong><br \/>\n            <a href=\"https:\/\/actu.fr\/auteur\/emma-ressegaire\" title=\"Consulter tous les articles de Emma Ressegaire\" rel=\"nofollow noopener\" target=\"_blank\">Emma Ressegaire<\/a><br \/>\n        <\/strong><\/p>\n<p>        Publi\u00e9 le<\/p>\n<p>            8 ao\u00fbt 2025 \u00e0 10h28        <\/p>\n<p>La <strong>vague de chaleur s\u2019accentue<\/strong> \u00e0 <a href=\"https:\/\/actu.fr\/auvergne-rhone-alpes\/lyon_69123\" rel=\"nofollow noopener\" target=\"_blank\">Lyon<\/a> et plus globalement dans le d\u00e9partement du Rh\u00f4ne. Et si hier, vous avez trouv\u00e9 qu\u2019il faisait chaud, cela va \u00eatre bien pire aujourd\u2019hui. En effet, par rapport \u00e0 jeudi, 2 \u00e0 3 \u00b0C sont gagn\u00e9s. Ainsi, pour ce vendredi 8 ao\u00fbt, il va faire chaud, tr\u00e8s chaud m\u00eame.\u00a0<\/p>\n<p class=\" wall-content\"><a href=\"https:\/\/actu.fr\/tag\/meteo-france\" rel=\"nofollow noopener\" target=\"_blank\">M\u00e9t\u00e9o-France<\/a> a plac\u00e9 le d\u00e9partement en <strong>vigilance orange canicule<\/strong> d\u00e8s ce vendredi midi. Un \u00e9pisode de chaleur qui pourrait <strong>encore gagner en intensit\u00e9<\/strong> et durer pendant plusieurs jours.<\/p>\n<p class=\" wall-content\">\n<p>10 degr\u00e9s de plus par rapport aux normales de saison<\/p>\n<p class=\" wall-content\">Pour ce vendredi, la minimale est de 19 \u00b0C soit trois degr\u00e9s de plus compar\u00e9s aux normales de saison. Mais cette temp\u00e9rature plus douce va tr\u00e8s vite grimper <strong>avec 31 \u00b0C d\u00e8s la mi-journ\u00e9e<\/strong>. Concernant cet apr\u00e8s-midi, M\u00e9t\u00e9o-France annonce une temp\u00e9rature \u00e0 Lyon qui avoisine <strong>les 40 \u00b0C<\/strong>. Soit 10 degr\u00e9s de plus par rapport aux normales de saison.<\/p>\n<p class=\" wall-content\">Et si vous esp\u00e9rez <strong>retrouver de la fra\u00eecheur cette nuit<\/strong>, il n\u2019en sera rien. D\u2019apr\u00e8s M\u00e9t\u00e9o-France, pour la nuit de vendredi \u00e0 samedi \u00ab\u00a0les temp\u00e9ratures minimales seront d\u00e9j\u00e0 inconfortables, comprises entre 17 et 21\u00b0C\u00a0\u00bb.<\/p>\n<p>Vigilance prolong\u00e9e ce samedi<\/p>\n<p class=\" wall-content\">Et cet<strong> \u00e9pisode caniculaire est loin d\u2019\u00eatre termin\u00e9<\/strong> \u00e0 Lyon. Pour ce samedi 9 ao\u00fbt, M\u00e9t\u00e9o-France a \u00e9galement plac\u00e9 le d\u00e9partement du Rh\u00f4ne en vigilance orange canicule, toute la journ\u00e9e.<\/p>\n<p class=\" wall-content\">Il est annonc\u00e9 31 \u00b0C le matin avec un ressenti \u00e0 38 \u00b0C et 38 \u00b0C l\u2019apr\u00e8s-midi avec un ressenti \u00e0 40 \u00b0C.<\/p>\n<p>Les prochains jours seront chauds<\/p>\n<p class=\" wall-content\">Pour les jours suivants, les <strong>temp\u00e9ratures maximales resteront \u00e9lev\u00e9es<\/strong> pendant un bon moment :\u00a0<\/p>\n<ul class=\" wall-content\">\n<li>Dimanche 10 ao\u00fbt : 36\u00b0C<\/li>\n<li>Lundi 11 ao\u00fbt : 40\u00b0C\u00a0<\/li>\n<li>Mardi 12 ao\u00fbt : 39\u00b0C<\/li>\n<li>Mercredi 13 ao\u00fbt : 37\u00b0C<\/li>\n<li>Jeudi 14 ao\u00fbt : 35\u00b0C<\/li>\n<li>Vendredi 15 ao\u00fbt : 34\u00b0C<\/li>\n<\/ul>\n<p class=\" wall-content\">Le m\u00e9t\u00e9orologue et pr\u00e9visionniste Guillaume S\u00e9chet indiquait hier \u00e0 actu Lyon que cette <strong>\u00ab canicule interminable \u00bb<\/strong> \u00e9tait comparable \u00e0 celle d\u2019ao\u00fbt 2023. \u00ab On ne voit pas vraiment de rafraichissement arriver, c\u2019est pour \u00e7a que ne l\u2019on ne voit pas la fin, d\u2019o\u00f9 le caract\u00e8re interminable. Il est probable qu\u2019apr\u00e8s le 15 ao\u00fbt, \u00e7a bascule. Il y aura au moins une semaine de tr\u00e8s fortes chaleurs \u00bb, expliquait-il.<\/p>\n<p class=\" wall-content\">\u00c0 noter que les d\u00e9partements voisins : la <a href=\"https:\/\/actu.fr\/auvergne-rhone-alpes\/saint-etienne_42218\/canicule-meteo-france-passe-la-loire-et-saint-etienne-en-orange-la-vague-de-chaleur-va-durer_63011051.html\" rel=\"nofollow noopener\" target=\"_blank\">Loire<\/a>, de l\u2019<a href=\"https:\/\/actu.fr\/meteo\/canicule-meteo-france-place-l-isere-en-vigilance-orange-les-temperatures-continuent-de-grimper_63011253.html\" rel=\"nofollow noopener\" target=\"_blank\">Is\u00e8re<\/a>, de l\u2019Ard\u00e8che et de la Dr\u00f4me sont aussi concern\u00e9s par cette vigilance orange canicule.\u00a0<\/p>\n<p class=\" wall-content\">Suivez toute l\u2019actualit\u00e9 de vos villes et m\u00e9dias favoris en vous inscrivant \u00e0 <a href=\"https:\/\/moncompte.actu.fr\" title=\"D\u00e9couvez Mon Actu\" rel=\"nofollow noopener\" data-trk=\"{&quot;cta&quot;:{&quot;action&quot;:&quot;https:\\\/\\\/moncompte.actu.fr&quot;,&quot;category&quot;:&quot;mon compte&quot;,&quot;from&quot;:&quot;article footer&quot;,&quot;name&quot;:&quot;Mon actu&quot;,&quot;type&quot;:&quot;cta&quot;}}\" target=\"_blank\">Mon Actu<\/a>.<\/p>\n","protected":false},"excerpt":{"rendered":"Par Emma Ressegaire Publi\u00e9 le 8 ao\u00fbt 2025 \u00e0 10h28 La vague de chaleur s\u2019accentue \u00e0 Lyon et&hellip;\n","protected":false},"author":2,"featured_media":304671,"comment_status":"","ping_status":"","sticky":false,"template":"","format":"standard","meta":{"footnotes":""},"categories":[1889],"tags":[1111,11,2430,6698,1777,674,1011,27,2428,2487,2357,12,25,15637],"class_list":{"0":"post-304670","1":"post","2":"type-post","3":"status-publish","4":"format-standard","5":"has-post-thumbnail","7":"category-lyon","8":"tag-actu","9":"tag-actualites","10":"tag-auvergne-rhone-alpes","11":"tag-canicule","12":"tag-eu","13":"tag-europe","14":"tag-fr","15":"tag-france","16":"tag-lyon","17":"tag-meteo","18":"tag-meteo-france","19":"tag-news","20":"tag-republique-francaise","21":"tag-vague-de-chaleur"},"share_on_mastodon":{"url":"https:\/\/pubeurope.com\/@fr\/114992236640509921","error":""},"_links":{"self":[{"href":"https:\/\/www.europesays.com\/fr\/wp-json\/wp\/v2\/posts\/304670","targetHints":{"allow":["GET"]}}],"collection":[{"href":"https:\/\/www.europesays.com\/fr\/wp-json\/wp\/v2\/posts"}],"about":[{"href":"https:\/\/www.europesays.com\/fr\/wp-json\/wp\/v2\/types\/post"}],"author":[{"embeddable":true,"href":"https:\/\/www.europesays.com\/fr\/wp-json\/wp\/v2\/users\/2"}],"replies":[{"embeddable":true,"href":"https:\/\/www.europesays.com\/fr\/wp-json\/wp\/v2\/comments?post=304670"}],"version-history":[{"count":0,"href":"https:\/\/www.europesays.com\/fr\/wp-json\/wp\/v2\/posts\/304670\/revisions"}],"wp:featuredmedia":[{"embeddable":true,"href":"https:\/\/www.europesays.com\/fr\/wp-json\/wp\/v2\/media\/304671"}],"wp:attachment":[{"href":"https:\/\/www.europesays.com\/fr\/wp-json\/wp\/v2\/media?parent=304670"}],"wp:term":[{"taxonomy":"category","embeddable":true,"href":"https:\/\/www.europesays.com\/fr\/wp-json\/wp\/v2\/categories?post=304670"},{"taxonomy":"post_tag","embeddable":true,"href":"https:\/\/www.europesays.com\/fr\/wp-json\/wp\/v2\/tags?post=304670"}],"curies":[{"name":"wp","href":"https:\/\/api.w.org\/{rel}","templated":true}]}}