{"id":304674,"date":"2025-08-08T08:40:42","date_gmt":"2025-08-08T08:40:42","guid":{"rendered":"https:\/\/www.europesays.com\/fr\/304674\/"},"modified":"2025-08-08T08:40:42","modified_gmt":"2025-08-08T08:40:42","slug":"que-peut-on-attendre-du-paris-fc","status":"publish","type":"post","link":"https:\/\/www.europesays.com\/fr\/304674\/","title":{"rendered":"Que peut-on attendre du Paris FC ?"},"content":{"rendered":"<p><strong>Quarante-six ans plus tard, le Paris FC s\u2019appr\u00eate \u00e0 faire son grand retour en <a href=\"https:\/\/www.bwin.fr\/fr\/sports\/football-4\/paris-sportifs\/france-16\/ligue-1-102843\" target=\"_blank\" rel=\"noreferrer noopener nofollow\">Ligue 1<\/a> cette saison. Nouveau riche du football hexagonal, ce qui lui vaut une belle cote, le club parisien fait office d\u2019attraction pour la saison qui s\u2019annonce.<\/strong><\/p>\n<p>\u00c0 l\u2019\u00e9poque, la rel\u00e9gation du club s\u2019\u00e9tait jou\u00e9e \u00e0 la diff\u00e9rence de buts avec l\u2019US Valenciennes-Anzin, \u00e0 l\u2019issue de la saison 1978-1979. Quarante-six ans apr\u00e8s avoir quitt\u00e9 une D1 dans laquelle il faisait d\u00e9j\u00e0 office de promu, le Paris FC fait son retour avec de toutes nouvelles ambitions. Rachet\u00e9 par la famille Arnault, d\u00e9sormais actionnaire majoritaire, avec l\u2019appui de Red Bull (d\u00e9tenteur de pr\u00e8s de 11% des parts), le nouveau riche esp\u00e8re vite s\u2019installer dans le haut du classement. Au point d\u2019\u00eatre le chouchou des paris sportifs d\u00e8s cette ann\u00e9e ?<\/p>\n<p><strong>Le Paris FC, nouveau riche de Ligue 1<\/strong><\/p>\n<p>Depuis l\u2019officialisation de sa promotion \u00e0 l\u2019issue d\u2019un nul \u00e0 Martigues d\u00e9but mai, la question est sur toutes les l\u00e8vres : \u00e0 quoi ressemblera l\u2019ambitieux Paris FC pour son grand retour dans l\u2019\u00e9lite du football hexagonal ? Avec un budget pass\u00e9 de 30 \u00e0 entre 70 et 80 millions d\u2019euros selon les estimations, le nouveau r\u00e9sident du stade Jean Bouin attire les regards. Et s\u2019active d\u00e9j\u00e0 pour se renforcer. <strong>Thibault De Smet<\/strong> de mani\u00e8re d\u00e9finitive (il \u00e9tait pr\u00eat\u00e9 depuis janvier), <strong>Moses Simons, Nhoa Sangui<\/strong> et le jeune d\u00e9fenseur du FC Porto <strong>Ot\u00e1vio <\/strong>ont d\u00e9j\u00e0 ralli\u00e9 la capitale, pour plus de 30 millions d\u2019euros cumul\u00e9s. Un sacr\u00e9 budget \u00e0 l\u2019heure de l\u2019aust\u00e9rit\u00e9 budg\u00e9taire en Ligue 1.<\/p>\n<p>Et pourtant, les emplettes sont loin d\u2019\u00eatre termin\u00e9es. Interrog\u00e9 apr\u00e8s le nul contre Le Havre en amical, l\u2019entra\u00eeneur<strong> St\u00e9phane Gili <\/strong>ne s\u2019en est d\u2019ailleurs pas cach\u00e9, affirmant attendre des renforts \u00ab \u00e0 tous les postes \u00bb dans les jours qui viennent. \u00ab On sait ce qu\u2019on cherche, a-t-il affirm\u00e9. On travaille, on fait des choses, j\u2019esp\u00e8re que dans la semaine, il y aura une arriv\u00e9e ou deux. \u00bb Le nom du d\u00e9fenseur international malien de Braga <strong>Sikou Niakat\u00e9<\/strong> est \u00e9voqu\u00e9, <strong><a href=\"https:\/\/www.lequipe.fr\/Football\/Actualites\/Amadou-haidara-sur-les-tablettes-du-paris-fc\/1582625\" target=\"_blank\" rel=\"noreferrer noopener nofollow\">tout comme Amadou Ha\u00efdara<\/a><\/strong>, d\u00e9sormais \u00e0 Leipzig. Des renforts prestigieux (et co\u00fbteux).<\/p>\n<p><strong>Projet Atalanta<\/strong><\/p>\n<p>Pour autant, pas question de br\u00fbler les \u00e9tapes selon le plan du pr\u00e9sident <strong>Pierre Ferracci<\/strong>, m\u00e9thodique malgr\u00e9 les moyens \u00e9conomiques \u00e0 disposition. Comme l\u2019OM il fut un temps avec le Borussia Dortmund, ce dernier regarde d\u2019ailleurs \u00e0 l\u2019\u00e9tranger pour trouver de l\u2019inspiration, et plus pr\u00e9cis\u00e9ment du c\u00f4t\u00e9 de l\u2019Italie. \u00ab Le mod\u00e8le que j\u2019ai demand\u00e9 \u00e0 Antoine Arnault de copier, c\u2019est celui de l\u2019Atalanta Bergame \u00bb, <strong><a href=\"https:\/\/rmcsport.bfmtv.com\/football\/ligue-1\/paris-fc-atalanta-bergame-bundesliga-les-modeles-qui-inspirent-ferracci-pour-structurer-son-club-et-sauver-la-ligue-1_AV-202505030164.html\" target=\"_blank\" rel=\"noreferrer noopener nofollow\">clamait-il sur RMC au printemps dernier, une fois la mont\u00e9e en poche<\/a><\/strong>.<\/p>\n<p>Quart de finaliste de la Ligue des champions en 2020, vainqueur de la <strong><a href=\"https:\/\/www.bwin.fr\/fr\/sports\/football-4\/paris-sportifs\/europe-7\/europa-league-102856\" target=\"_blank\" rel=\"noreferrer noopener nofollow\">Ligue Europa<\/a><\/strong> quatre ans plus tard, le club de Lombardie a pris son temps pour grandir. \u00ab Jouer l\u2019Europe ? Non, pas tout de suite. L\u2019Atalanta est aujourd\u2019hui dans le Top 5 italien, mais ne l\u2019a pas toujours \u00e9t\u00e9, pr\u00e9cisait encore Ferracci. L\u2019objectif est simple : on s\u2019installe d\u2019abord, on se maintient, et apr\u00e8s on vise la premi\u00e8re partie du tableau. Vous connaissez la Ligue 1, la premi\u00e8re partie joue l\u2019Europe, pas forc\u00e9ment la Ligue des Champions, mais les deux autres coupes d\u2019Europe comptent. On veut s\u2019installer dans la premi\u00e8re partie. \u00bb<\/p>\n<p><strong>Une premi\u00e8re ann\u00e9e de rodage ?<\/strong><\/p>\n<p>Avant d\u2019imaginer le Paris FC jouer les troubles f\u00eate dans le haut du classement, il faudra donc vraisemblablement patienter encore un peu. La saison 2025-2026 qui s\u2019annonce devrait permettre de prendre ses marques. Avec d\u2019embl\u00e9e une entame cors\u00e9e et un d\u00e9placement sur la Canebi\u00e8re d\u00e8s la deuxi\u00e8me journ\u00e9e. \u00ab Angers sera un premier test, et avec l\u2019accueil au stade V\u00e9lodrome, on sera tr\u00e8s vite dans l\u2019ambiance, ne se d\u00e9montait pas Gili ces jours-ci. On a aussi h\u00e2te de vivre notre premier match \u00e0 domicile, contre Metz. \u00bb<\/p>\n<p>Un emm\u00e9nagement dans l\u2019ouest de la capitale qui renforce encore un peu plus l\u2019attente autour d\u2019un premier derby parisien en Ligue 1 depuis 35 ans. Pour traverser la rue et d\u00e9fier le PSG dans son jardin du Parc des Princes, il faudra toutefois attendre d\u00e9but janvier. D\u2019ici l\u00e0, on saura si la relative continuit\u00e9 avec l\u2019\u00e9quipe joueuse et d\u00e9j\u00e0 talentueuse de la saison pass\u00e9e pr\u00f4n\u00e9e cet \u00e9t\u00e9 porte ses fruits. De quoi y voir plus clair concernant la v\u00e9ritable cote de ce Paris new look qui d\u00e9cha\u00eene d\u00e9j\u00e0 les passions.<\/p>\n","protected":false},"excerpt":{"rendered":"Quarante-six ans plus tard, le Paris FC s\u2019appr\u00eate \u00e0 faire son grand retour en Ligue 1 cette saison.&hellip;\n","protected":false},"author":2,"featured_media":304675,"comment_status":"","ping_status":"","sticky":false,"template":"","format":"standard","meta":{"footnotes":""},"categories":[1888],"tags":[1111,1928,11,1927,1777,674,1011,27,12,1926,626,1925,25],"class_list":{"0":"post-304674","1":"post","2":"type-post","3":"status-publish","4":"format-standard","5":"has-post-thumbnail","7":"category-paris","8":"tag-actu","9":"tag-actu-paris","10":"tag-actualites","11":"tag-actualites-paris","12":"tag-eu","13":"tag-europe","14":"tag-fr","15":"tag-france","16":"tag-news","17":"tag-news-paris","18":"tag-paris","19":"tag-paris-news","20":"tag-republique-francaise"},"share_on_mastodon":{"url":"https:\/\/pubeurope.com\/@fr\/114992252518258570","error":""},"_links":{"self":[{"href":"https:\/\/www.europesays.com\/fr\/wp-json\/wp\/v2\/posts\/304674","targetHints":{"allow":["GET"]}}],"collection":[{"href":"https:\/\/www.europesays.com\/fr\/wp-json\/wp\/v2\/posts"}],"about":[{"href":"https:\/\/www.europesays.com\/fr\/wp-json\/wp\/v2\/types\/post"}],"author":[{"embeddable":true,"href":"https:\/\/www.europesays.com\/fr\/wp-json\/wp\/v2\/users\/2"}],"replies":[{"embeddable":true,"href":"https:\/\/www.europesays.com\/fr\/wp-json\/wp\/v2\/comments?post=304674"}],"version-history":[{"count":0,"href":"https:\/\/www.europesays.com\/fr\/wp-json\/wp\/v2\/posts\/304674\/revisions"}],"wp:featuredmedia":[{"embeddable":true,"href":"https:\/\/www.europesays.com\/fr\/wp-json\/wp\/v2\/media\/304675"}],"wp:attachment":[{"href":"https:\/\/www.europesays.com\/fr\/wp-json\/wp\/v2\/media?parent=304674"}],"wp:term":[{"taxonomy":"category","embeddable":true,"href":"https:\/\/www.europesays.com\/fr\/wp-json\/wp\/v2\/categories?post=304674"},{"taxonomy":"post_tag","embeddable":true,"href":"https:\/\/www.europesays.com\/fr\/wp-json\/wp\/v2\/tags?post=304674"}],"curies":[{"name":"wp","href":"https:\/\/api.w.org\/{rel}","templated":true}]}}