{"id":304676,"date":"2025-08-08T08:41:11","date_gmt":"2025-08-08T08:41:11","guid":{"rendered":"https:\/\/www.europesays.com\/fr\/304676\/"},"modified":"2025-08-08T08:41:11","modified_gmt":"2025-08-08T08:41:11","slug":"on-dejeune-ensemble-parfois-a-paris-cette-start-up-sest-installee-dans-un-ehpad","status":"publish","type":"post","link":"https:\/\/www.europesays.com\/fr\/304676\/","title":{"rendered":"\u00ab\u00a0On d\u00e9jeune ensemble parfois\u00a0\u00bb\u00a0: \u00e0 Paris, cette start-up s\u2019est install\u00e9e\u2026 dans un Ehpad"},"content":{"rendered":"<p class=\"paragraph text_align_left lp-f-body-02\">\u00ab Il y en a un tr\u00e8s gentil, parfois il m\u2019aide \u00e0 remonter dans ma chambre en fauteuil roulant. \u00bb Maryse, 95 ans, ne se souvient plus de leur pr\u00e9nom, mais peu importe : ses nouveaux colocataires lui plaisent. \u00ab \u00c7a fait de la jeunesse, un peu de mouvement \u00bb, glisse-t-elle, le rouge \u00e0 l\u00e8vres soigneusement appliqu\u00e9, les doigts orn\u00e9s de bagues. Cette ancienne professeure d\u2019anglais \u00e0 la retraite vit depuis un an aux Jardins de Montmartre, un Ehpad priv\u00e9 \u00e0 but non lucratif nich\u00e9 \u00e0 <a href=\"https:\/\/www.leparisien.fr\/culture-loisirs\/dans-les-coulisses-de-la-basilique-du-sacre-coeur-coeur-sacre-de-la-butte-montmartre-21-01-2022-D427KC2ULVEVNA6TMNU3LNJQ24.php\" target=\"_self\" rel=\"nofollow noopener\">deux pas du Sacr\u00e9-C\u0153ur<\/a> (Paris, XVIIIe). Depuis quatre mois, huit salari\u00e9s de la start-up Zenior ont pos\u00e9 leurs ordinateurs ici.<\/p>\n<p class=\"paragraph text_align_left lp-f-body-02\">L\u2019id\u00e9e est celle d\u2019Arbitryum, un laboratoire d\u2019innovation sp\u00e9cialis\u00e9 en g\u00e9rontologie, qui cherche \u00e0 \u00ab participer <a href=\"https:\/\/www.leparisien.fr\/societe\/famille\/parents-ages-lehpad-ca-ne-me-dit-rien-du-tout-surtout-apres-les-scandales-quon-a-entendus-10-11-2023-NJSTHCTWGJFNDMSRTLEVSKSHGM.php\" target=\"_blank\" rel=\"noreferrer nofollow noopener\">au changement de regard sur la vieillesse et l\u2019Ehpad<\/a> \u00bb, r\u00e9sume Mathilde Boulet, responsable du projet. Arbitryum a elle-m\u00eame install\u00e9 ses bureaux dans une maison de retraite <a href=\"https:\/\/www.leparisien.fr\/paris-75\/paris-75013\/\" target=\"_blank\" rel=\"noreferrer nofollow noopener\">du XIIIe arrondissement<\/a>. Et aimerait pousser d\u2019autres entreprises \u00e0 tenter l\u2019exp\u00e9rience. Le concept est simple : utiliser des pi\u00e8ces peu ou pas occup\u00e9es des maisons de retraite pour y installer de petites \u00e9quipes. \u00ab On vise des groupes r\u00e9duits : trouver un Ehpad \u00e0 Paris capable d\u2019accueillir dix personnes, c\u2019est rare \u00bb, reconna\u00eet-elle.<\/p>\n","protected":false},"excerpt":{"rendered":"\u00ab Il y en a un tr\u00e8s gentil, parfois il m\u2019aide \u00e0 remonter dans ma chambre en fauteuil&hellip;\n","protected":false},"author":2,"featured_media":304677,"comment_status":"","ping_status":"","sticky":false,"template":"","format":"standard","meta":{"footnotes":""},"categories":[1888],"tags":[11,1777,674,1011,27,1944,12,626,25],"class_list":{"0":"post-304676","1":"post","2":"type-post","3":"status-publish","4":"format-standard","5":"has-post-thumbnail","7":"category-paris","8":"tag-actualites","9":"tag-eu","10":"tag-europe","11":"tag-fr","12":"tag-france","13":"tag-ma-ville","14":"tag-news","15":"tag-paris","16":"tag-republique-francaise"},"share_on_mastodon":{"url":"https:\/\/pubeurope.com\/@fr\/114992256351106425","error":""},"_links":{"self":[{"href":"https:\/\/www.europesays.com\/fr\/wp-json\/wp\/v2\/posts\/304676","targetHints":{"allow":["GET"]}}],"collection":[{"href":"https:\/\/www.europesays.com\/fr\/wp-json\/wp\/v2\/posts"}],"about":[{"href":"https:\/\/www.europesays.com\/fr\/wp-json\/wp\/v2\/types\/post"}],"author":[{"embeddable":true,"href":"https:\/\/www.europesays.com\/fr\/wp-json\/wp\/v2\/users\/2"}],"replies":[{"embeddable":true,"href":"https:\/\/www.europesays.com\/fr\/wp-json\/wp\/v2\/comments?post=304676"}],"version-history":[{"count":0,"href":"https:\/\/www.europesays.com\/fr\/wp-json\/wp\/v2\/posts\/304676\/revisions"}],"wp:featuredmedia":[{"embeddable":true,"href":"https:\/\/www.europesays.com\/fr\/wp-json\/wp\/v2\/media\/304677"}],"wp:attachment":[{"href":"https:\/\/www.europesays.com\/fr\/wp-json\/wp\/v2\/media?parent=304676"}],"wp:term":[{"taxonomy":"category","embeddable":true,"href":"https:\/\/www.europesays.com\/fr\/wp-json\/wp\/v2\/categories?post=304676"},{"taxonomy":"post_tag","embeddable":true,"href":"https:\/\/www.europesays.com\/fr\/wp-json\/wp\/v2\/tags?post=304676"}],"curies":[{"name":"wp","href":"https:\/\/api.w.org\/{rel}","templated":true}]}}