{"id":304682,"date":"2025-08-08T08:44:14","date_gmt":"2025-08-08T08:44:14","guid":{"rendered":"https:\/\/www.europesays.com\/fr\/304682\/"},"modified":"2025-08-08T08:44:14","modified_gmt":"2025-08-08T08:44:14","slug":"comment-la-guerre-en-ukraine-ravive-le-debat-sur-le-service-militaire-en-europe","status":"publish","type":"post","link":"https:\/\/www.europesays.com\/fr\/304682\/","title":{"rendered":"Comment la guerre en Ukraine ravive le d\u00e9bat sur le service militaire en Europe"},"content":{"rendered":"<p>    R\u00e9sum\u00e9 en 20 secondes<\/p>\n<p>        En savoir plus sur ce type de contenu<\/p>\n<p>Ce r\u00e9sum\u00e9 peut avoir \u00e9t\u00e9 \u00e9crit avec l&rsquo;assistance d\u2019une IA g\u00e9n\u00e9rative. <a href=\"https:\/\/www.letemps.ch\/cyber\/l-usage-de-l-ia-generative-par-les-journalistes-du-temps\" target=\"_blank\" rel=\"noopener\">En savoir plus<\/a><\/p>\n<p class=\"article__abstract-call-to-action\" data-ariato=\"TrackableElement\" data-trackable-element-type=\"article_abstract_cta\" data-trackable-element-location=\"article_header\" data-trackable-element-id=\"502249\">\n        <a data-event=\"click-&gt;clicked\" href=\"https:\/\/www.letemps.ch\/abonnements\" target=\"_blank\" rel=\"noopener\">Abonnez-vous<\/a> pour acc\u00e9der au r\u00e9sum\u00e9 en 20 secondes.\n      <\/p>\n<p>D\u00e9clench\u00e9e en f\u00e9vrier 2022, la guerre en Ukraine a pouss\u00e9 les Etats membres de l\u2019OTAN \u00e0 s\u2019engager \u00e0 consacrer 5% de leur PIB aux d\u00e9penses militaires et s\u00e9curitaires d\u2019ici \u00e0 2035. Les pays europ\u00e9ens cherchent \u00e0 augmenter les cadences de production de mat\u00e9riels de pointe, investir dans les drones, mieux se pr\u00e9munir contre les cyberattaques ou encore doper les capacit\u00e9s des renseignements. Mais d\u2019autres changements se profilent. C\u2019est notamment le cas au niveau des services militaires. \u00abL\u2019Europe se r\u00e9arme et doit aujourd\u2019hui combler le fait d\u2019avoir consid\u00e9rablement r\u00e9duit les effectifs militaires apr\u00e8s la Guerre froide. Les soldats doivent \u00eatre plus facilement mobilisables et pr\u00eats\u00bb, commente un diplomate bas\u00e9 \u00e0 Bruxelles.<\/p>\n<p><strong>Ecoutez cet article lu par une IA \u2013<\/strong>\u00a0<a href=\"https:\/\/www.letemps.ch\/articles\/sirius\/bGV0ZW1wczpBcnRpY2xlOjQ2NjA2Mw\" rel=\"nofollow noopener\" target=\"_blank\">Pour en savoir plus<\/a><\/p>\n","protected":false},"excerpt":{"rendered":"R\u00e9sum\u00e9 en 20 secondes En savoir plus sur ce type de contenu Ce r\u00e9sum\u00e9 peut avoir \u00e9t\u00e9 \u00e9crit&hellip;\n","protected":false},"author":2,"featured_media":304683,"comment_status":"","ping_status":"","sticky":false,"template":"","format":"standard","meta":{"footnotes":""},"categories":[1590],"tags":[11,1813,1777,674,12,136,301,656,220,364,134],"class_list":{"0":"post-304682","1":"post","2":"type-post","3":"status-publish","4":"format-standard","5":"has-post-thumbnail","7":"category-ukraine","8":"tag-actualites","9":"tag-armee","10":"tag-eu","11":"tag-europe","12":"tag-news","13":"tag-otan","14":"tag-premium","15":"tag-securite","16":"tag-ukraine","17":"tag-union-europeenne","18":"tag-volodymyr-zelensky"},"share_on_mastodon":{"url":"https:\/\/pubeurope.com\/@fr\/114992268101384121","error":""},"_links":{"self":[{"href":"https:\/\/www.europesays.com\/fr\/wp-json\/wp\/v2\/posts\/304682","targetHints":{"allow":["GET"]}}],"collection":[{"href":"https:\/\/www.europesays.com\/fr\/wp-json\/wp\/v2\/posts"}],"about":[{"href":"https:\/\/www.europesays.com\/fr\/wp-json\/wp\/v2\/types\/post"}],"author":[{"embeddable":true,"href":"https:\/\/www.europesays.com\/fr\/wp-json\/wp\/v2\/users\/2"}],"replies":[{"embeddable":true,"href":"https:\/\/www.europesays.com\/fr\/wp-json\/wp\/v2\/comments?post=304682"}],"version-history":[{"count":0,"href":"https:\/\/www.europesays.com\/fr\/wp-json\/wp\/v2\/posts\/304682\/revisions"}],"wp:featuredmedia":[{"embeddable":true,"href":"https:\/\/www.europesays.com\/fr\/wp-json\/wp\/v2\/media\/304683"}],"wp:attachment":[{"href":"https:\/\/www.europesays.com\/fr\/wp-json\/wp\/v2\/media?parent=304682"}],"wp:term":[{"taxonomy":"category","embeddable":true,"href":"https:\/\/www.europesays.com\/fr\/wp-json\/wp\/v2\/categories?post=304682"},{"taxonomy":"post_tag","embeddable":true,"href":"https:\/\/www.europesays.com\/fr\/wp-json\/wp\/v2\/tags?post=304682"}],"curies":[{"name":"wp","href":"https:\/\/api.w.org\/{rel}","templated":true}]}}