{"id":304684,"date":"2025-08-08T08:45:11","date_gmt":"2025-08-08T08:45:11","guid":{"rendered":"https:\/\/www.europesays.com\/fr\/304684\/"},"modified":"2025-08-08T08:45:11","modified_gmt":"2025-08-08T08:45:11","slug":"lalliance-entre-linde-de-modi-et-les-etats-unis-de-trump-fragilisee-par-le-commerce-le-pakistan-et-le-petrole","status":"publish","type":"post","link":"https:\/\/www.europesays.com\/fr\/304684\/","title":{"rendered":"L\u2019alliance entre l\u2019Inde de Modi et les Etats-Unis de Trump fragilis\u00e9e par le commerce, le Pakistan et le p\u00e9trole"},"content":{"rendered":"<p>Le temps de l\u2019alliance entre Donald Trump et Narendra Modi, premier ministre de l\u2019Inde, si bien mise en sc\u00e8ne lors du premier mandat du pr\u00e9sident am\u00e9ricain, est r\u00e9volu. Le locataire de la Maison-Blanche a mis ses menaces \u00e0 ex\u00e9cution en signant, mercredi 6\u00a0ao\u00fbt, un d\u00e9cret infligeant \u00e0 New Delhi 25% de droits de douane suppl\u00e9mentaires, \u00e0 titre de sanction pour les achats de p\u00e9trole russe du sous-continent. Cette nouvelle p\u00e9nalit\u00e9, effective \u00e0 partir du 27\u00a0ao\u00fbt, s\u2019ajoute aux 25% de taxes sur les produits indiens export\u00e9s vers les Etats-Unis devant entrer en vigueur ce jeudi 7\u00a0ao\u00fbt. Le pays est d\u00e9sormais trait\u00e9 avec autant de violence que le Br\u00e9sil du pr\u00e9sident de gauche, Luiz Inacio Lula da Silva, opposant d\u00e9clar\u00e9 \u00e0 Donald Trump.<\/p>\n<p>Cette escalade met en p\u00e9ril l\u2019alliance entre Washington et New Delhi, cens\u00e9e faire contrepoids \u00e0\u00a0la Chine, et suscite un sentiment de trahison en Inde, o\u00f9 l\u2019entente entre les deux dirigeants populistes semblait prometteuse. Les mots employ\u00e9s par le r\u00e9publicain, dans un message publi\u00e9 sur son r\u00e9seau Truth Social, donnent une id\u00e9e de la d\u00e9gradation de leurs relations: \u00abJe me fiche de ce que fait l\u2019Inde avec la Russie. Ils peuvent plomber ensemble leurs \u00e9conomies sinistr\u00e9es, cela m\u2019est \u00e9gal\u00bb, a-t-il \u00e9crit, le 31\u00a0juillet.<\/p>\n","protected":false},"excerpt":{"rendered":"Le temps de l\u2019alliance entre Donald Trump et Narendra Modi, premier ministre de l\u2019Inde, si bien mise en&hellip;\n","protected":false},"author":2,"featured_media":304685,"comment_status":"","ping_status":"","sticky":false,"template":"","format":"standard","meta":{"footnotes":""},"categories":[1589],"tags":[11,215,73,1866,1074,5595,12,301,1864,1865,1863,308],"class_list":{"0":"post-304684","1":"post","2":"type-post","3":"status-publish","4":"format-standard","5":"has-post-thumbnail","7":"category-etats-unis","8":"tag-actualites","9":"tag-commerce","10":"tag-etats-unis","11":"tag-etats-unis-damerique","12":"tag-guerre-commerciale","13":"tag-inde","14":"tag-news","15":"tag-premium","16":"tag-united-states","17":"tag-united-states-of-america","18":"tag-us","19":"tag-usa"},"share_on_mastodon":{"url":"https:\/\/pubeurope.com\/@fr\/114992272083414252","error":""},"_links":{"self":[{"href":"https:\/\/www.europesays.com\/fr\/wp-json\/wp\/v2\/posts\/304684","targetHints":{"allow":["GET"]}}],"collection":[{"href":"https:\/\/www.europesays.com\/fr\/wp-json\/wp\/v2\/posts"}],"about":[{"href":"https:\/\/www.europesays.com\/fr\/wp-json\/wp\/v2\/types\/post"}],"author":[{"embeddable":true,"href":"https:\/\/www.europesays.com\/fr\/wp-json\/wp\/v2\/users\/2"}],"replies":[{"embeddable":true,"href":"https:\/\/www.europesays.com\/fr\/wp-json\/wp\/v2\/comments?post=304684"}],"version-history":[{"count":0,"href":"https:\/\/www.europesays.com\/fr\/wp-json\/wp\/v2\/posts\/304684\/revisions"}],"wp:featuredmedia":[{"embeddable":true,"href":"https:\/\/www.europesays.com\/fr\/wp-json\/wp\/v2\/media\/304685"}],"wp:attachment":[{"href":"https:\/\/www.europesays.com\/fr\/wp-json\/wp\/v2\/media?parent=304684"}],"wp:term":[{"taxonomy":"category","embeddable":true,"href":"https:\/\/www.europesays.com\/fr\/wp-json\/wp\/v2\/categories?post=304684"},{"taxonomy":"post_tag","embeddable":true,"href":"https:\/\/www.europesays.com\/fr\/wp-json\/wp\/v2\/tags?post=304684"}],"curies":[{"name":"wp","href":"https:\/\/api.w.org\/{rel}","templated":true}]}}