{"id":304686,"date":"2025-08-08T08:46:10","date_gmt":"2025-08-08T08:46:10","guid":{"rendered":"https:\/\/www.europesays.com\/fr\/304686\/"},"modified":"2025-08-08T08:46:10","modified_gmt":"2025-08-08T08:46:10","slug":"face-aux-oppositions-locales-contre-les-pylones-electriques-le-royaume-uni-accorde-des-reductions-sur-les-factures-denergie","status":"publish","type":"post","link":"https:\/\/www.europesays.com\/fr\/304686\/","title":{"rendered":"Face aux oppositions locales contre les pyl\u00f4nes \u00e9lectriques, le Royaume-Uni accorde des r\u00e9ductions sur les factures d&rsquo;\u00e9nergie"},"content":{"rendered":"<p>Au Royaume-Uni, l&rsquo;ambitieux plan de d\u00e9veloppement des \u00e9nergies renouvelables port\u00e9 par le gouvernement travailliste n\u00e9cessite la construction de pyl\u00f4nes et de lignes \u00e9lectriques. Mais certains s&rsquo;y opposent dans les r\u00e9gions concern\u00e9es.<\/p>\n<p>Pour freiner les r\u00e9sistances locales aux nouvelles structures \u00e9lectriques, le Royaume-Uni propose des r\u00e9ductions sur les factures d&rsquo;\u00e9nergie aux habitants concern\u00e9s. Le gouvernement britannique va accorder aux foyers vivant \u00e0 proximit\u00e9 de nouveaux pyl\u00f4nes \u00e9lectriques une r\u00e9duction de 2.500 livres sterling (environ 2.900 euros) sur leurs factures d&rsquo;\u00e9nergie des 10 prochaines ann\u00e9es, <a href=\"https:\/\/www.theguardian.com\/money\/2025\/aug\/08\/uk-ministers-push-ahead-discount-energy-bills-households-near-new-pylons\" target=\"_blank\" class=\"external_link\" rel=\"nofollow noopener\">rapporte The Guardian<\/a>.<\/p>\n<p>Promesse \u00e9lectorale ambitieuse concernant de l&rsquo;avenir \u00e9nerg\u00e9tique du Royaume-Uni, le nouveau gouvernement travailliste compte doubler les capacit\u00e9s \u00e9oliennes terrestres, tripler les capacit\u00e9s solaires et quadrupler les capacit\u00e9s \u00e9oliennes offshore du pays d&rsquo;ici 2030, avec l&rsquo;objectif d&rsquo;atteindre 100% d&rsquo;\u00e9nergie d\u00e9carbon\u00e9e \u00e0 cet horizon.<\/p>\n<p><img decoding=\"async\" src=\"https:\/\/www.europesays.com\/fr\/wp-content\/uploads\/2025\/05\/principale-86_2.jpg\"  alt=\"Culture IA : IA et \u00e9nergie, un probl\u00e8me\u2026 et une solution - 19\/06\" title=\"Culture IA : IA et \u00e9nergie, un probl\u00e8me\u2026 et une solution - 19\/06\"\/>Culture IA : IA et \u00e9nergie, un probl\u00e8me\u2026 et une solution &#8211; 19\/06Des oppositions locales<\/p>\n<p>Les ambitions \u00e9nerg\u00e9tiques de l&rsquo;ex\u00e9cutif britannique requi\u00e8rent la construction de\u00a0lignes \u00e9lectriques a\u00e9riennes, de pyl\u00f4nes et de sous-stations \u00e9lectriques sur le territoire britannique. Mais ces nouvelles infrastructures \u00e9lectriques rencontrent des oppositions locales dans les r\u00e9gions concern\u00e9es, notamment le long de la c\u00f4te est de l&rsquo;Angleterre, o\u00f9 des lignes a\u00e9riennes seront construites pour distribuer l&rsquo;\u00e9lectricit\u00e9 produite par les parcs \u00e9oliens offshore de la mer du Nord, <a href=\"https:\/\/www.theguardian.com\/money\/2025\/aug\/08\/uk-ministers-push-ahead-discount-energy-bills-households-near-new-pylons\" target=\"_blank\" class=\"external_link\" rel=\"nofollow noopener\">explique The Guardian<\/a>.<\/p>\n<p>Le parti populiste Reform UK de Nigel Farage, \u00e0 la popularit\u00e9 croissante outre-Manche, s&rsquo;est empar\u00e9 du sujet, promettant d&rsquo;utiliser \u00ab\u00a0tous ses pouvoirs locaux\u00a0\u00bb pour emp\u00eacher la construction d&rsquo;une nouvelle ligne \u00e9lectrique a\u00e9rienne dans le Lincolnshire.<\/p>\n<p>Esp\u00e9rant calmer ses contestations locales, qui pourraient freiner la mise en \u0153uvre de ses objectifs \u00e9nerg\u00e9tiques, le gouvernement travailliste a d\u00e9cid\u00e9 de sortir le carnet de ch\u00e8ques. Les habitants qui vivent \u00e0 proximit\u00e9 de ces nouvelles infrastructures \u00e9lectriques pourront ainsi b\u00e9n\u00e9ficier d&rsquo;une r\u00e9duction sur leurs factures d&rsquo;\u00e9nergie de 125 livres sterling (environ 144 euros) tous les six mois.<\/p>\n<p>J\u00e9r\u00e9my Bruno Journaliste BFMTV<\/p>\n","protected":false},"excerpt":{"rendered":"Au Royaume-Uni, l&rsquo;ambitieux plan de d\u00e9veloppement des \u00e9nergies renouvelables port\u00e9 par le gouvernement travailliste n\u00e9cessite la construction de&hellip;\n","protected":false},"author":2,"featured_media":304687,"comment_status":"","ping_status":"","sticky":false,"template":"","format":"standard","meta":{"footnotes":""},"categories":[1588],"tags":[11,1777,674,12,473,1853,1851,1850,1852],"class_list":{"0":"post-304686","1":"post","2":"type-post","3":"status-publish","4":"format-standard","5":"has-post-thumbnail","7":"category-royaume-uni","8":"tag-actualites","9":"tag-eu","10":"tag-europe","11":"tag-news","12":"tag-royaume-uni","13":"tag-royaume-uni-de-grande-bretagne-et-dirlande-du-nord","14":"tag-uk","15":"tag-united-kingdom","16":"tag-united-kingdom-of-great-britain-and-northern-ireland"},"share_on_mastodon":{"url":"https:\/\/pubeurope.com\/@fr\/114992276094093041","error":""},"_links":{"self":[{"href":"https:\/\/www.europesays.com\/fr\/wp-json\/wp\/v2\/posts\/304686","targetHints":{"allow":["GET"]}}],"collection":[{"href":"https:\/\/www.europesays.com\/fr\/wp-json\/wp\/v2\/posts"}],"about":[{"href":"https:\/\/www.europesays.com\/fr\/wp-json\/wp\/v2\/types\/post"}],"author":[{"embeddable":true,"href":"https:\/\/www.europesays.com\/fr\/wp-json\/wp\/v2\/users\/2"}],"replies":[{"embeddable":true,"href":"https:\/\/www.europesays.com\/fr\/wp-json\/wp\/v2\/comments?post=304686"}],"version-history":[{"count":0,"href":"https:\/\/www.europesays.com\/fr\/wp-json\/wp\/v2\/posts\/304686\/revisions"}],"wp:featuredmedia":[{"embeddable":true,"href":"https:\/\/www.europesays.com\/fr\/wp-json\/wp\/v2\/media\/304687"}],"wp:attachment":[{"href":"https:\/\/www.europesays.com\/fr\/wp-json\/wp\/v2\/media?parent=304686"}],"wp:term":[{"taxonomy":"category","embeddable":true,"href":"https:\/\/www.europesays.com\/fr\/wp-json\/wp\/v2\/categories?post=304686"},{"taxonomy":"post_tag","embeddable":true,"href":"https:\/\/www.europesays.com\/fr\/wp-json\/wp\/v2\/tags?post=304686"}],"curies":[{"name":"wp","href":"https:\/\/api.w.org\/{rel}","templated":true}]}}