{"id":304688,"date":"2025-08-08T08:47:10","date_gmt":"2025-08-08T08:47:10","guid":{"rendered":"https:\/\/www.europesays.com\/fr\/304688\/"},"modified":"2025-08-08T08:47:10","modified_gmt":"2025-08-08T08:47:10","slug":"lallemagne-quitte-la-chine-pour-dominer-leolien-berlin-multiplie-les-partenariats-secrets-pour-securiser-ses-terres-rares-et-tripler-sa-puissance-offshore-di","status":"publish","type":"post","link":"https:\/\/www.europesays.com\/fr\/304688\/","title":{"rendered":"\u00ab L\u2019Allemagne quitte la Chine pour dominer l\u2019\u00e9olien \u00bb : Berlin multiplie les partenariats secrets pour s\u00e9curiser ses terres rares et tripler sa puissance offshore d\u2019ici 2030"},"content":{"rendered":"<tr>\n<td><strong>EN BREF<\/strong><\/td>\n<\/tr>\n<tr>\n<td>\n<ul>\n<li>\ud83c\udde9\ud83c\uddea L\u2019Allemagne d\u00e9voile une strat\u00e9gie pour r\u00e9duire sa <strong>d\u00e9pendance<\/strong> aux importations chinoises dans l\u2019\u00e9olien.<\/li>\n<li>\ud83c\udf0d Objectif : diversifier les sources d\u2019approvisionnement en <strong>terres rares<\/strong> et aimants permanents d\u2019ici 2035.<\/li>\n<li>\ud83e\udd1d Partenariats envisag\u00e9s avec l\u2019Australie, le Japon et le Canada pour assurer la <strong>s\u00e9curit\u00e9<\/strong> des flux d\u2019importation.<\/li>\n<li>\u26a1 L\u2019Allemagne pr\u00e9voit de tripler sa capacit\u00e9 \u00e9olienne en mer pour atteindre <strong>30 gigawatts<\/strong> d\u2019ici 2030.<\/li>\n<\/ul>\n<\/td>\n<\/tr>\n<p>Le 5 ao\u00fbt 2025, l\u2019Allemagne a annonc\u00e9 une strat\u00e9gie ambitieuse pour r\u00e9duire sa d\u00e9pendance vis-\u00e0-vis de la Chine dans le secteur de l\u2019\u00e9olien. En collaboration avec cinq grandes f\u00e9d\u00e9rations europ\u00e9ennes, le gouvernement allemand veut diversifier ses sources d\u2019approvisionnement en terres rares et aimants permanents. Ces composants critiques sont actuellement fournis \u00e0 plus de 90 % par la Chine, ce qui expose l\u2019Europe \u00e0 un risque strat\u00e9gique significatif. Ce virage est essentiel pour garantir la r\u00e9silience de la cha\u00eene de valeur de l\u2019\u00e9olien, un pilier de la transition \u00e9nerg\u00e9tique europ\u00e9enne.<\/p>\n<p>\u00c9olienne : la Chine, fournisseur unique\u2026 pour combien de temps encore ?<\/p>\n<p>Depuis dix ans, l\u2019Europe a mis\u00e9 sur l\u2019\u00e9nergie \u00e9olienne pour r\u00e9duire ses \u00e9missions de carbone. Cependant, la d\u00e9pendance aux importations chinoises reste un talon d\u2019Achille. Selon WindEurope, plus de 90 % des aimants permanents des turbines europ\u00e9ennes proviennent de Chine. Ces composants sont cruciaux non seulement pour les \u00e9oliennes, mais aussi pour l\u2019\u00e9lectronique et l\u2019automobile. Le gouvernement allemand pr\u00e9voit de r\u00e9duire cette d\u00e9pendance en augmentant la part des fournisseurs alternatifs \u00e0 15 % d\u2019ici 2029 et \u00e0 50 % d\u2019ici 2035.<\/p>\n<p>La Chine, en plus de poss\u00e9der les ressources en terres rares, ma\u00eetrise \u00e9galement leur traitement industriel. Le plan allemand inclut \u00e9galement une diversification des sources d\u2019approvisionnement en terres rares, avec un objectif de 5 % en 2029 et 35 % en 2030. Cette strat\u00e9gie vise \u00e0 r\u00e9duire la part des aimants permanents chinois dans les turbines \u00e9oliennes, un pas d\u00e9cisif pour l\u2019autonomie industrielle europ\u00e9enne.<\/p>\n<blockquote class=\"wp-embedded-content\" data-secret=\"4VsVT1q5Y8\">\n<p><a href=\"https:\/\/www.le-gaz.fr\/2025\/07\/02\/scandale-en-vendee-cette-fuite-de-gaz-terrifiante-dans-une-ecole-envoie-un-enseignant-aux-urgences-et-provoque-lindignation-des-parents\/\" rel=\"nofollow noopener\" target=\"_blank\">Scandale en Vend\u00e9e : cette fuite de gaz terrifiante dans une \u00e9cole envoie un enseignant aux urgences et provoque l\u2019indignation des parents<\/a><\/p>\n<\/blockquote>\n<p>Quand la d\u00e9pendance devient un risque strat\u00e9gique<\/p>\n<p>La strat\u00e9gie allemande prend racine dans un contexte de tensions commerciales croissantes. En avril 2025, la Chine a limit\u00e9 ses exportations de terres rares vers l\u2019Europe, en r\u00e9plique aux mesures douani\u00e8res am\u00e9ricaines. Cette situation a mis en lumi\u00e8re l\u2019absence de concurrents europ\u00e9ens capables de d\u00e9fier la supr\u00e9matie chinoise. Le gouvernement de Friedrich Merz a r\u00e9agi en renfor\u00e7ant sa politique de r\u00e9duction des risques vis-\u00e0-vis de la Chine.<\/p>\n<p>Pour pallier cette d\u00e9pendance, l\u2019Allemagne compte \u00e9tablir des partenariats industriels avec des pays comme l\u2019Australie, le Japon et le Canada. Des garanties d\u2019investissement seront mises en place pour s\u00e9curiser les flux d\u2019importation non chinois. L\u2019objectif est de cr\u00e9er un r\u00e9seau de fournisseurs r\u00e9silient et diversifi\u00e9, capable de soutenir l\u2019industrie \u00e9olienne europ\u00e9enne en cas de tensions g\u00e9opolitiques.<\/p>\n<blockquote class=\"wp-embedded-content\" data-secret=\"qcL54bFrme\">\n<p><a href=\"https:\/\/www.le-gaz.fr\/2025\/06\/28\/drame-en-ardeche-une-fuite-de-gaz-a-la-voulte-sur-rhone-force-levacuation-de-plus-de-300-habitants-collegiens-et-enseignants-effrayes\/\" rel=\"nofollow noopener\" target=\"_blank\">Drame en Ard\u00e8che : une fuite de gaz \u00e0 La-Voulte-sur-Rh\u00f4ne force l\u2019\u00e9vacuation de plus de 300 habitants, coll\u00e9giens et enseignants effray\u00e9s<\/a><\/p>\n<\/blockquote>\n<p>Une ambition port\u00e9e par la mont\u00e9e en puissance de l\u2019\u00e9olien allemand<\/p>\n<p>L\u2019Allemagne joue un r\u00f4le central dans le d\u00e9veloppement de l\u2019\u00e9olien en Europe. En 2024, elle a repr\u00e9sent\u00e9 25 % des nouvelles installations terrestres et maritimes dans l\u2019Union europ\u00e9enne, selon WindEurope. Avec une puissance install\u00e9e de 72,75 gigawatts, dont 9,2 gigawatts en mer, l\u2019Allemagne est en t\u00eate du parc \u00e9olien europ\u00e9en. Cette position dominante s\u2019accompagne d\u2019objectifs ambitieux.<\/p>\n<p>D\u2019ici 2030, Berlin vise \u00e0 tripler sa capacit\u00e9 \u00e9olienne en mer pour atteindre 30 gigawatts. Cet effort s\u2019inscrit dans le cadre de ses engagements climatiques. L\u2019augmentation de la capacit\u00e9 \u00e9olienne est cruciale pour r\u00e9duire les \u00e9missions de gaz \u00e0 effet de serre et atteindre les objectifs de transition \u00e9nerg\u00e9tique. L\u2019Allemagne montre ainsi la voie vers un avenir \u00e9nerg\u00e9tique plus durable et r\u00e9silient.<\/p>\n<p>Une feuille de route pour l\u2019ind\u00e9pendance industrielle<\/p>\n<p>Le plan allemand pour l\u2019\u00e9olien s\u2019inscrit dans une ambition plus large de reconqu\u00eate industrielle. La d\u00e9pendance excessive \u00e0 la Chine est per\u00e7ue comme un risque strat\u00e9gique pour la s\u00e9curit\u00e9 \u00e9nerg\u00e9tique de l\u2019Europe. Le partenariat avec d\u2019autres nations pour diversifier les sources d\u2019approvisionnement est un pas vers une plus grande autonomie industrielle.<\/p>\n<p>Cette strat\u00e9gie pourrait \u00e9galement stimuler l\u2019innovation technologique et favoriser l\u2019\u00e9mergence de nouveaux acteurs sur le march\u00e9. L\u2019Europe a l\u2019opportunit\u00e9 de renforcer sa comp\u00e9titivit\u00e9 dans le secteur \u00e9olien et de se positionner en leader mondial de la transition \u00e9nerg\u00e9tique. Toutefois, cette ambition soul\u00e8ve des questions sur la capacit\u00e9 des industries europ\u00e9ennes \u00e0 se r\u00e9organiser et \u00e0 r\u00e9pondre aux d\u00e9fis de la d\u00e9pendance.<\/p>\n<p>Alors que l\u2019Allemagne s\u2019engage dans une strat\u00e9gie de diversification pour r\u00e9duire sa d\u00e9pendance \u00e0 la Chine, la question de la mise en \u0153uvre effective de cette ambition reste ouverte. Comment l\u2019Europe pourra-t-elle assurer une transition \u00e9nerg\u00e9tique tout en s\u00e9curisant ses approvisionnements industriels face \u00e0 des enjeux g\u00e9opolitiques complexes ?<\/p>\n<p>Cet article s\u2019appuie sur des sources v\u00e9rifi\u00e9es et l\u2019assistance de technologies \u00e9ditoriales.<\/p>\n<p id=\"rating\">\u00c7a vous a plu ?\u00a04.5\/5 (29)<\/p>\n","protected":false},"excerpt":{"rendered":"EN BREF \ud83c\udde9\ud83c\uddea L\u2019Allemagne d\u00e9voile une strat\u00e9gie pour r\u00e9duire sa d\u00e9pendance aux importations chinoises dans l\u2019\u00e9olien. \ud83c\udf0d Objectif&hellip;\n","protected":false},"author":2,"featured_media":304689,"comment_status":"","ping_status":"","sticky":false,"template":"","format":"standard","meta":{"footnotes":""},"categories":[1587],"tags":[11,672,1804,1805,1803,1777,674,1801,12,1802],"class_list":{"0":"post-304688","1":"post","2":"type-post","3":"status-publish","4":"format-standard","5":"has-post-thumbnail","7":"category-allemagne","8":"tag-actualites","9":"tag-allemagne","10":"tag-bundesrepublik-deutschland","11":"tag-de","12":"tag-deutschland","13":"tag-eu","14":"tag-europe","15":"tag-germany","16":"tag-news","17":"tag-republique-federale-dallemagne"},"share_on_mastodon":{"url":"https:\/\/pubeurope.com\/@fr\/114992280069026524","error":""},"_links":{"self":[{"href":"https:\/\/www.europesays.com\/fr\/wp-json\/wp\/v2\/posts\/304688","targetHints":{"allow":["GET"]}}],"collection":[{"href":"https:\/\/www.europesays.com\/fr\/wp-json\/wp\/v2\/posts"}],"about":[{"href":"https:\/\/www.europesays.com\/fr\/wp-json\/wp\/v2\/types\/post"}],"author":[{"embeddable":true,"href":"https:\/\/www.europesays.com\/fr\/wp-json\/wp\/v2\/users\/2"}],"replies":[{"embeddable":true,"href":"https:\/\/www.europesays.com\/fr\/wp-json\/wp\/v2\/comments?post=304688"}],"version-history":[{"count":0,"href":"https:\/\/www.europesays.com\/fr\/wp-json\/wp\/v2\/posts\/304688\/revisions"}],"wp:featuredmedia":[{"embeddable":true,"href":"https:\/\/www.europesays.com\/fr\/wp-json\/wp\/v2\/media\/304689"}],"wp:attachment":[{"href":"https:\/\/www.europesays.com\/fr\/wp-json\/wp\/v2\/media?parent=304688"}],"wp:term":[{"taxonomy":"category","embeddable":true,"href":"https:\/\/www.europesays.com\/fr\/wp-json\/wp\/v2\/categories?post=304688"},{"taxonomy":"post_tag","embeddable":true,"href":"https:\/\/www.europesays.com\/fr\/wp-json\/wp\/v2\/tags?post=304688"}],"curies":[{"name":"wp","href":"https:\/\/api.w.org\/{rel}","templated":true}]}}