{"id":304690,"date":"2025-08-08T08:48:10","date_gmt":"2025-08-08T08:48:10","guid":{"rendered":"https:\/\/www.europesays.com\/fr\/304690\/"},"modified":"2025-08-08T08:48:10","modified_gmt":"2025-08-08T08:48:10","slug":"volodymyr-zelensky-estime-que-leurope-doit-participer-aux-negociations-lexpress","status":"publish","type":"post","link":"https:\/\/www.europesays.com\/fr\/304690\/","title":{"rendered":"Volodymyr Zelensky estime que l&rsquo;Europe doit \u00ab\u00a0participer\u00a0\u00bb aux n\u00e9gociations \u2013 L&rsquo;Express"},"content":{"rendered":"<p class=\"paragraph article-body-paragraph article__item article-body-paragraph--live  \">Alors que la <a href=\"https:\/\/www.google.com\/search?client=safari&amp;rls=en&amp;q=lepress+guerre+en+ukraine&amp;ie=UTF-8&amp;oe=UTF-8\" target=\"_self\" rel=\"noopener\" title=\"https:\/\/www.google.com\/search?client=safari&amp;rls=en&amp;q=lepress+guerre+en+ukraine&amp;ie=UTF-8&amp;oe=UTF-8\">guerre en Ukraine<\/a> se poursuit, une possible relance des n\u00e9gociations diplomatiques semble se profiler. Le pr\u00e9sident am\u00e9ricain Donald Trump s\u2019est d\u00e9clar\u00e9 pr\u00eat \u00e0 rencontrer Vladimir Poutine \u00ab\u00a0dans les prochains jours\u00a0\u00bb, une rencontre que le Kremlin envisage d\u2019organiser aux Emirats arabes unis. Cette initiative intervient peu apr\u00e8s la visite \u00e0 Moscou de l\u2019\u00e9missaire am\u00e9ricain Steve Witkoff, jug\u00e9e \u00ab\u00a0productive\u00a0\u00bb par les deux parties. En revanche, Vladimir Poutine a exclu toute rencontre avec Volodymyr Zelensky \u00e0 ce stade, affirmant que les conditions n\u2019\u00e9taient pas r\u00e9unies pour un tel \u00e9change. Moscou rejette \u00e9galement l&rsquo;id\u00e9e d\u2019un sommet tripartite incluant l\u2019Ukraine.<\/p>\n<p class=\"paragraph article-body-paragraph article__item article-body-paragraph--live  \">Face \u00e0 ces refus, le pr\u00e9sident ukrainien continue de plaider pour un face-\u00e0-face avec son homologue russe et insiste sur la n\u00e9cessit\u00e9 d\u2019une implication active de l\u2019Europe dans les n\u00e9gociations. \u00ab\u00a0La guerre se d\u00e9roule en Europe\u00a0\u00bb, rappelle <a href=\"https:\/\/www.lexpress.fr\/monde\/en-ukraine-la-faute-politique-de-zelensky-risque-de-laisser-des-traces-QU2Y5Y7MR5BCNIC4XJCBPJ7ATQ\/\" target=\"_self\" rel=\"noopener\" title=\"https:\/\/www.lexpress.fr\/monde\/en-ukraine-la-faute-politique-de-zelensky-risque-de-laisser-des-traces-QU2Y5Y7MR5BCNIC4XJCBPJ7ATQ\/\">Volodymyr Zelensky<\/a>, appelant les dirigeants europ\u00e9ens \u00e0 ne pas rester en retrait du processus de paix. Lors d\u2019un appel avec le chancelier allemand Friedrich Merz, les deux dirigeants ont salu\u00e9 les efforts de m\u00e9diation de Donald Trump, tout en r\u00e9affirmant que la Russie devait mettre fin \u00e0 son agression contraire au droit international. Malgr\u00e9 des signaux d\u2019ouverture c\u00f4t\u00e9 am\u00e9ricain, la voie vers une solution durable reste sem\u00e9e d\u2019obstacles diplomatiques majeurs.<\/p>\n<p class=\"paragraph article-body-paragraph article__item article-body-paragraph--live  \"><b>Les infos \u00e0 retenir : <\/b><\/p>\n<p class=\"paragraph article-body-paragraph article__item article-body-paragraph--live  \">\u21d2 Donald Trump accepte de rencontrer son homologue russe<\/p>\n<p class=\"paragraph article-body-paragraph article__item article-body-paragraph--live  \">\u21d2 Volodymyr Zelensky estime que l&rsquo;Europe doit \u00ab\u00a0participer\u00a0\u00bb aux n\u00e9gociations<\/p>\n<p class=\"paragraph article-body-paragraph article__item article-body-paragraph--live  \">\u21d2 Vladimir Poutine s&rsquo;oppose \u00e0 une rencontre avec le pr\u00e9sident ukrainien<\/p>\n<p>Donald Trump pr\u00eat \u00e0 rencontrer Vladimir Poutine <\/p>\n<p class=\"paragraph article-body-paragraph article__item article-body-paragraph--live  \"><a href=\"https:\/\/www.lexpress.fr\/economie\/politique-economique\/donald-trump-en-croisade-contre-les-statistiques-officielles-les-lecons-dun-jeu-dangereux-56PZZUKTWFBLRIWRY4YCC7ESFM\/\" target=\"_self\" rel=\"noopener\" title=\"https:\/\/www.lexpress.fr\/economie\/politique-economique\/donald-trump-en-croisade-contre-les-statistiques-officielles-les-lecons-dun-jeu-dangereux-56PZZUKTWFBLRIWRY4YCC7ESFM\/\">Donald Trump<\/a> s&rsquo;est dit jeudi toujours pr\u00eat \u00e0 rencontrer Vladimir Poutine m\u00eame si ce dernier refuse de voir Volodymyr Zelensky. Interrog\u00e9 sur le fait de savoir si l&rsquo;ultimatum qu&rsquo;il a donn\u00e9 \u00e0 son homologue russe pour trouver un accord avec Kiev sous peine de sanctions s\u00e9v\u00e8res \u00e9tait toujours fix\u00e9 \u00e0 vendredi, le pr\u00e9sident am\u00e9ricain est rest\u00e9 vague.<\/p>\n<p><strong class=\"article-body-link-list__item text-gray-800 article-body-link-list__item--one-item\">LIRE AUSSI : <a class=\"article-body-link-list__item-link\" href=\"https:\/\/www.lexpress.fr\/environnement\/maxim-timchenko-dtek-lukraine-est-le-geant-endormi-de-lenergie-europeenne-QDDXFMRT5JENLCWDGN4GPYXQLA\/\" target=\"_blank\" rel=\"noreferrer noopener\">Maxim Timchenko (DTEK) : \u00ab\u00a0L\u2019Ukraine est le g\u00e9ant endormi de l\u2019\u00e9nergie europ\u00e9enne\u00a0\u00bb<\/a><\/strong><\/p>\n<p class=\"paragraph article-body-paragraph article__item article-body-paragraph--live  \">\u00ab\u00a0Cela va d\u00e9pendre de (Poutine), on va voir ce qu&rsquo;il va dire\u00a0\u00bb, a-t-il simplement dit dans le Bureau ovale. \u00ab\u00a0Tr\u00e8s d\u00e9\u00e7u\u00a0\u00bb, a-t-il encha\u00een\u00e9, semblant parler de son homologue russe. Sur la question de savoir s&rsquo;il pensait que Vladimir Poutine devait d&rsquo;abord s&rsquo;entretenir avec le pr\u00e9sident ukrainien avant de le rencontrer lui, le milliardaire r\u00e9publicain a \u00e9t\u00e9 beaucoup plus explicite. \u00ab\u00a0Non\u00a0\u00bb, a-t-il r\u00e9pondu.<\/p>\n<p>Le Kremlin refuse une rencontre avec Volodymyr Zelensky<\/p>\n<p class=\"paragraph article-body-paragraph article__item article-body-paragraph--live  \">Le pr\u00e9sident russe a estim\u00e9 jeudi que les \u00ab\u00a0conditions\u00a0\u00bb n&rsquo;\u00e9taient pas r\u00e9unies pour un t\u00eate-\u00e0-t\u00eate avec le chef d&rsquo;Etat ukrainien. Pour Moscou, un tel sc\u00e9nario n&rsquo;a de sens qu&rsquo;en phase finale des n\u00e9gociations de paix. Apr\u00e8s avoir \u00e9cart\u00e9 un sommet \u00e0 trois, le Kremlin a annonc\u00e9 un \u00ab\u00a0accord de principe\u00a0\u00bb pour une rencontre entre Vladimir Poutine et Donald Trump \u00ab\u00a0dans les prochains jours.<\/p>\n<p class=\"paragraph article-body-paragraph article__item article-body-paragraph--live  \">La derni\u00e8re entrevue entre <a href=\"https:\/\/www.lexpress.fr\/monde\/europe\/la-russie-de-poutine_1071912.html\" target=\"_self\" rel=\"noopener\" title=\"https:\/\/www.lexpress.fr\/monde\/europe\/la-russie-de-poutine_1071912.html\">Vladimir Poutine<\/a> et Donald Trump remonte \u00e0 2019, lors du premier mandat du milliardaire r\u00e9publicain, en marge d&rsquo;un sommet du G20 au Japon. Le pr\u00e9sident russe, aux c\u00f4t\u00e9s de son homologue \u00e9mirati, Mohammed ben Zayed, qu&rsquo;il recevait jeudi au Kremlin, a affirm\u00e9 que les Emirats arabes unis \u00e9taient l&rsquo;un des endroits envisag\u00e9s pour accueillir la rencontre avec Donald Trump.<\/p>\n<p>L&rsquo;Europe \u00ab\u00a0doit participer\u00a0\u00bb aux n\u00e9gociations de paix avec Moscou, selon Kiev<\/p>\n<p class=\"paragraph article-body-paragraph article__item article-body-paragraph--live  \"><a href=\"https:\/\/www.lexpress.fr\/monde\/europe\/\" target=\"_self\" rel=\"noopener\" title=\"https:\/\/www.lexpress.fr\/monde\/europe\/\">L&rsquo;Europe<\/a> \u00ab\u00a0doit participer\u00a0\u00bb aux n\u00e9gociations de paix entre l&rsquo;Ukraine et la Russie, a affirm\u00e9 jeudi le pr\u00e9sident Volodymyr Zelensky, alors que Donald Trump et Vladimir Poutine devaient se rencontrer dans les \u00ab\u00a0prochains jours\u00a0\u00bb selon le Kremlin.<\/p>\n<p><strong class=\"article-body-link-list__item text-gray-800 article-body-link-list__item--one-item\">LIRE AUSSI : <a class=\"article-body-link-list__item-link\" href=\"https:\/\/www.lexpress.fr\/monde\/europe\/michel-duclos-donald-trump-a-pris-conscience-de-son-erreur-initiale-sur-poutine-EZVDJ5HFEFBPXA5OFRTAA6C224\/\" target=\"_blank\" rel=\"noreferrer noopener\">Michel Duclos : \u00ab\u00a0Donald Trump a pris conscience de son erreur initiale sur Poutine\u00a0\u00bb<\/a><\/strong><\/p>\n<p class=\"paragraph article-body-paragraph article__item article-body-paragraph--live   article__text__endpicto\">\u00ab\u00a0La guerre se d\u00e9roule en Europe et l&rsquo;Ukraine fait partie int\u00e9grante de l&rsquo;Europe (&#8230;) L&rsquo;Europe doit donc participer au processus\u00a0\u00bb en vue de mettre fin \u00e0 la guerre qui se poursuit depuis 2022, a d\u00e9clar\u00e9 M. Zelensky sur les r\u00e9seaux sociaux. <\/p>\n","protected":false},"excerpt":{"rendered":"Alors que la guerre en Ukraine se poursuit, une possible relance des n\u00e9gociations diplomatiques semble se profiler. Le&hellip;\n","protected":false},"author":2,"featured_media":304691,"comment_status":"","ping_status":"","sticky":false,"template":"","format":"standard","meta":{"footnotes":""},"categories":[1586],"tags":[11,782,1777,674,1011,27,74,12,25],"class_list":{"0":"post-304690","1":"post","2":"type-post","3":"status-publish","4":"format-standard","5":"has-post-thumbnail","7":"category-europe","8":"tag-actualites","9":"tag-ameriques","10":"tag-eu","11":"tag-europe","12":"tag-fr","13":"tag-france","14":"tag-monde","15":"tag-news","16":"tag-republique-francaise"},"share_on_mastodon":{"url":"https:\/\/pubeurope.com\/@fr\/114992283904155537","error":""},"_links":{"self":[{"href":"https:\/\/www.europesays.com\/fr\/wp-json\/wp\/v2\/posts\/304690","targetHints":{"allow":["GET"]}}],"collection":[{"href":"https:\/\/www.europesays.com\/fr\/wp-json\/wp\/v2\/posts"}],"about":[{"href":"https:\/\/www.europesays.com\/fr\/wp-json\/wp\/v2\/types\/post"}],"author":[{"embeddable":true,"href":"https:\/\/www.europesays.com\/fr\/wp-json\/wp\/v2\/users\/2"}],"replies":[{"embeddable":true,"href":"https:\/\/www.europesays.com\/fr\/wp-json\/wp\/v2\/comments?post=304690"}],"version-history":[{"count":0,"href":"https:\/\/www.europesays.com\/fr\/wp-json\/wp\/v2\/posts\/304690\/revisions"}],"wp:featuredmedia":[{"embeddable":true,"href":"https:\/\/www.europesays.com\/fr\/wp-json\/wp\/v2\/media\/304691"}],"wp:attachment":[{"href":"https:\/\/www.europesays.com\/fr\/wp-json\/wp\/v2\/media?parent=304690"}],"wp:term":[{"taxonomy":"category","embeddable":true,"href":"https:\/\/www.europesays.com\/fr\/wp-json\/wp\/v2\/categories?post=304690"},{"taxonomy":"post_tag","embeddable":true,"href":"https:\/\/www.europesays.com\/fr\/wp-json\/wp\/v2\/tags?post=304690"}],"curies":[{"name":"wp","href":"https:\/\/api.w.org\/{rel}","templated":true}]}}