{"id":304700,"date":"2025-08-08T08:53:11","date_gmt":"2025-08-08T08:53:11","guid":{"rendered":"https:\/\/www.europesays.com\/fr\/304700\/"},"modified":"2025-08-08T08:53:11","modified_gmt":"2025-08-08T08:53:11","slug":"richard-sterne-remonte-le-temps-les-francais-a-la-peine-a-aberdeen","status":"publish","type":"post","link":"https:\/\/www.europesays.com\/fr\/304700\/","title":{"rendered":"Richard Sterne remonte le temps, les Fran\u00e7ais \u00e0 la peine \u00e0 Aberdeen"},"content":{"rendered":"<p>\u00ab Je dois r\u00e9ussir de belles performances en cette fin d\u2019ann\u00e9e \u00bb, a reconnu, lucide, l\u2019ex-29e mondial, qui n\u2019a plus \u00e9t\u00e9 \u00e0 pareille f\u00eate depuis des lustres m\u00eame s\u2019il a termin\u00e9 5e du dernier <strong>AfrAsia Bank Mauritius Open<\/strong>.<\/p>\n<p>Ce premier tour a d\u00e9cid\u00e9ment souri aux v\u00e9t\u00e9rans sud-africains puisque <strong>Thomas Aitken<\/strong>, 42 ans, est deuxi\u00e8me provisoire gr\u00e2ce \u00e0 son 68. Il partage cette place avec un 3e Sud-Af, <strong>Louis Albertse<\/strong>, 28 ans, et le Norv\u00e9gien <strong>Andreas Halvorsen<\/strong>.\u00a0<\/p>\n<p>Pour trouver trace d\u2019un Fran\u00e7ais au leaderboard, il faut descendre\u2026 au 44e rang. <strong>Alexander Levy<\/strong> et<strong> Cl\u00e9ment Sordet<\/strong> ont scor\u00e9 +1, ce qui les placent du bon c\u00f4t\u00e9 du cut.\u00a0<strong>Martin Trainer<\/strong> et <strong>Julien Brun<\/strong> (\u00e0 qui il restait deux trous \u00e0 jouer au moment o\u00f9 nous \u00e9crivions ces lignes) sont sur la tangente.\u00a0<\/p>\n<p><strong>Benjamin H\u00e9bert<\/strong>, <strong>Ugo Coussaud<\/strong>, <strong>David Ravetto<\/strong>, <strong>Bastien Amat<\/strong>, <strong>Pierre Pineau<\/strong> et <strong>Jeong weon Ko<\/strong> (auteur d\u2019un tr\u00e8s douloureux 84, +12) risquent l\u2019\u00e9limination, \u00e0 moins d\u2019un tr\u00e8s grosse performance (et d\u2019un exploit pour Ko) vendredi.<\/p>\n<p>\u00a0<\/p>\n<p>Le leaderboard<\/p>\n<p><img loading=\"lazy\" decoding=\"async\" class=\"alignnone wp-image-181735 size-large\" src=\"data:image\/svg+xml,%3Csvg%20xmlns=\" http:=\"\" alt=\"\" width=\"770\" height=\"507\" data-lazy- data-lazy- data-lazy-src=\"https:\/\/www.europesays.com\/fr\/wp-content\/uploads\/2025\/08\/capture-decran-2025-08-07-a-20.09.46-770x507.png\"\/><\/p>\n<p><img loading=\"lazy\" decoding=\"async\" class=\"alignnone wp-image-181737 size-large\" src=\"data:image\/svg+xml,%3Csvg%20xmlns=\" http:=\"\" alt=\"\" width=\"770\" height=\"458\" data-lazy- data-lazy- data-lazy-src=\"https:\/\/www.europesays.com\/fr\/wp-content\/uploads\/2025\/08\/capture-decran-2025-08-07-a-20.17.33-770x458.png\"\/><\/p>\n","protected":false},"excerpt":{"rendered":"\u00ab Je dois r\u00e9ussir de belles performances en cette fin d\u2019ann\u00e9e \u00bb, a reconnu, lucide, l\u2019ex-29e mondial, qui&hellip;\n","protected":false},"author":2,"featured_media":304701,"comment_status":"","ping_status":"","sticky":false,"template":"","format":"standard","meta":{"footnotes":""},"categories":[1418],"tags":[1011,27,1472,60],"class_list":{"0":"post-304700","1":"post","2":"type-post","3":"status-publish","4":"format-standard","5":"has-post-thumbnail","7":"category-golf","8":"tag-fr","9":"tag-france","10":"tag-golf","11":"tag-sports"},"share_on_mastodon":{"url":"https:\/\/pubeurope.com\/@fr\/114992303499931812","error":""},"_links":{"self":[{"href":"https:\/\/www.europesays.com\/fr\/wp-json\/wp\/v2\/posts\/304700","targetHints":{"allow":["GET"]}}],"collection":[{"href":"https:\/\/www.europesays.com\/fr\/wp-json\/wp\/v2\/posts"}],"about":[{"href":"https:\/\/www.europesays.com\/fr\/wp-json\/wp\/v2\/types\/post"}],"author":[{"embeddable":true,"href":"https:\/\/www.europesays.com\/fr\/wp-json\/wp\/v2\/users\/2"}],"replies":[{"embeddable":true,"href":"https:\/\/www.europesays.com\/fr\/wp-json\/wp\/v2\/comments?post=304700"}],"version-history":[{"count":0,"href":"https:\/\/www.europesays.com\/fr\/wp-json\/wp\/v2\/posts\/304700\/revisions"}],"wp:featuredmedia":[{"embeddable":true,"href":"https:\/\/www.europesays.com\/fr\/wp-json\/wp\/v2\/media\/304701"}],"wp:attachment":[{"href":"https:\/\/www.europesays.com\/fr\/wp-json\/wp\/v2\/media?parent=304700"}],"wp:term":[{"taxonomy":"category","embeddable":true,"href":"https:\/\/www.europesays.com\/fr\/wp-json\/wp\/v2\/categories?post=304700"},{"taxonomy":"post_tag","embeddable":true,"href":"https:\/\/www.europesays.com\/fr\/wp-json\/wp\/v2\/tags?post=304700"}],"curies":[{"name":"wp","href":"https:\/\/api.w.org\/{rel}","templated":true}]}}