{"id":304707,"date":"2025-08-08T08:59:16","date_gmt":"2025-08-08T08:59:16","guid":{"rendered":"https:\/\/www.europesays.com\/fr\/304707\/"},"modified":"2025-08-08T08:59:16","modified_gmt":"2025-08-08T08:59:16","slug":"bottas-merite-un-baquet-et-wolff-espere-que-la-porte-va-souvrir","status":"publish","type":"post","link":"https:\/\/www.europesays.com\/fr\/304707\/","title":{"rendered":"Bottas \u00ab\u00a0m\u00e9rite un baquet\u00a0\u00bb et Wolff esp\u00e8re \u00ab\u00a0que la porte va s&rsquo;ouvrir\u00a0\u00bb"},"content":{"rendered":"<p>Est-ce un lobbying l\u00e9gitime ou une d\u00e9claration pr\u00e9monitoire de quelqu&rsquo;un qui sait d\u00e9j\u00e0 que l&rsquo;affaire est ficel\u00e9e\u00a0? Quoi qu&rsquo;il en soit, Toto Wolff souhaite ardemment revoir <a href=\"https:\/\/fr.motorsport.com\/driver\/valtteri-bottas\/88633\/\" target=\"_blank\" rel=\"noopener\">Valtteri Bottas<\/a> en Grand Prix, et l&rsquo;a r\u00e9p\u00e9t\u00e9 \u00e0 l&rsquo;heure de dresser le bilan de mi-saison de <a href=\"https:\/\/fr.motorsport.com\/team\/mercedes\/611\/\" target=\"_blank\" rel=\"noopener\">Mercedes<\/a>.\u00a0<\/p>\n<p>\u00ab\u00a0Valtteri fait partie de la famille Mercedes depuis tr\u00e8s, tr\u00e8s longtemps\u00a0\u00bb, rappelle Toto Wolff. \u00ab\u00a0Si un de nos pilotes titulaires souffrait d&rsquo;une intoxication alimentaire au poisson, c&rsquo;est un pilote qu&rsquo;il suffit de mettre dans la voiture et il sera absolument dans le rythme. C&rsquo;est formidable de savoir que votre troisi\u00e8me pilote est aussi rapide que possible. \u00c9videmment, en ce qui concerne Valtteri, il m\u00e9rite un baquet. Esp\u00e9rons que la porte va s&rsquo;ouvrir. \u00c0 suivre&#8230;\u00a0\u00bb<\/p>\n<p>Le Finlandais, sans volant apr\u00e8s avoir quitt\u00e9 <a href=\"https:\/\/fr.motorsport.com\/team\/stake-sauber\/612\/\" target=\"_blank\" rel=\"noopener\">Stake Sauber<\/a>, a retrouv\u00e9 son ancienne \u00e9curie dans un r\u00f4le de r\u00e9serviste cette ann\u00e9e mais figure, \u00e0 bient\u00f4t 36 ans, parmi les candidats en t\u00eate de liste pour rejoindre Cadillac en 2026. La future onzi\u00e8me \u00e9quipe de la grille n&rsquo;a encore communiqu\u00e9 aucun choix, bien que sa volont\u00e9 d&rsquo;attirer au moins un pilote exp\u00e9riment\u00e9 soit clairement affich\u00e9e. Le nom de Valtteri Bottas a \u00e9galement circul\u00e9 chez <a href=\"https:\/\/fr.motorsport.com\/team\/alpine\/37490\/\" target=\"_blank\" rel=\"noopener\">Alpine<\/a>.<\/p>\n<p>Pour l&rsquo;ann\u00e9e prochaine, Mercedes se dirige de plus en plus <a href=\"https:\/\/fr.motorsport.com\/f1\/news\/russell-prolongation-contrat-mercedes-treve\/10748772\/\" target=\"_self\" rel=\"noopener\">vers une reconduction<\/a> de la paire form\u00e9e par <a href=\"https:\/\/fr.motorsport.com\/driver\/george-russell\/96626\/\" target=\"_blank\" rel=\"noopener\">George Russell<\/a> et <a href=\"https:\/\/fr.motorsport.com\/driver\/kimi-antonelli\/947765\/\" target=\"_blank\" rel=\"noopener\">Kimi Antonelli<\/a>. Perdre Valtteri Bottas en qualit\u00e9 de troisi\u00e8me homme pourrait \u00eatre combl\u00e9 par la pr\u00e9sence de <a href=\"https:\/\/fr.motorsport.com\/driver\/frederik-vesti\/823630\/\" target=\"_blank\" rel=\"noopener\">Frederik Vesti<\/a>, envers qui Toto Wolff\u00a0 ne tarit pas d&rsquo;\u00e9loges non plus.\u00a0<\/p>\n<p>\u00ab\u00a0Fred a fait un excellent travail en tant que pilote de r\u00e9serve et a fourni de gros efforts, parfois m\u00eame en travaillant la nuit dans le simulateur\u00a0\u00bb, insiste le directeur de l&rsquo;\u00e9curie allemande. \u00ab\u00a0Je ne peux pas le souligner assez : c&rsquo;est quelqu&rsquo;un sur qui nous pouvons compter, qui a la vitesse et qui donne de bonnes indications aux pilotes.\u00a0\u00bb<\/p>\n<p>Parall\u00e8lement, Toto Wolff continue de suivre avec attention l&rsquo;\u00e9volution de <a href=\"https:\/\/fr.motorsport.com\/driver\/doriane-pin\/826298\/\" target=\"_blank\" rel=\"noopener\">Doriane Pin<\/a>, qui a rejoint le programme junior Mercedes en 2024 et dispute cette ann\u00e9e sa deuxi\u00e8me saison de F1 Academy en marge des Grands Prix.\u00a0<\/p>\n<p>\u00ab\u00a0Doriane est vraiment un concentr\u00e9 de bonheur, et c&rsquo;est un plaisir de la regarder\u00a0\u00bb, se r\u00e9jouit l&rsquo;Autrichien. \u00ab\u00a0C&rsquo;est ce petit bout de femme qui a d\u00e9j\u00e0 obtenu d&rsquo;excellents r\u00e9sultats auparavant en endurance. Aujourd&rsquo;hui, en F1 Academy, elle est \u00e0 la hauteur des attentes. Elle est combative, elle est rapide, et nous continuerons \u00e0 suivre son pilotage spectaculaire. Je n&rsquo;ai aucun doute qu&rsquo;elle visera le titre en F1 Academy, et c&rsquo;est formidable de l&rsquo;avoir dans l&rsquo;\u00e9quipe.\u00a0\u00bb<\/p>\n<p>   <img decoding=\"async\" draggable=\"false\" src=\"https:\/\/www.europesays.com\/fr\/wp-content\/uploads\/2025\/08\/race-winner-doriane-pin-prema-.jpg\" alt=\"Doriane Pin est soutenue par Mercedes en F1 Academy.\" width=\"1200\" height=\"800\" loading=\"lazy\"\/> <\/p>\n<p class=\"title\">Doriane Pin est soutenue par Mercedes en F1 Academy.<\/p>\n<p class=\"photographer\">Photo de: Pauline Ballet &#8211; Formula 1<\/p>\n<p>Dans cet article<\/p>\n<p>Soyez le premier inform\u00e9 et souscrivez aux alertes mails pour recevoir les infos en temps r\u00e9el<\/p>\n<p>    S&rsquo;abonner aux alertes de news<\/p>\n","protected":false},"excerpt":{"rendered":"Est-ce un lobbying l\u00e9gitime ou une d\u00e9claration pr\u00e9monitoire de quelqu&rsquo;un qui sait d\u00e9j\u00e0 que l&rsquo;affaire est ficel\u00e9e\u00a0? Quoi&hellip;\n","protected":false},"author":2,"featured_media":304708,"comment_status":"","ping_status":"","sticky":false,"template":"","format":"standard","meta":{"footnotes":""},"categories":[1412],"tags":[44453,44456,1451,1452,1453,1454,1455,1011,27,44455,4320,60,44454],"class_list":{"0":"post-304707","1":"post","2":"type-post","3":"status-publish","4":"format-standard","5":"has-post-thumbnail","7":"category-f1","8":"tag-bottas-mu00e9rite-un-baquet-et-wolff-espu00e8re-que-la-porte-va-souvrir","9":"tag-doriane-pin","10":"tag-f1","11":"tag-formula-1","12":"tag-formula1","13":"tag-formule-1","14":"tag-formule1","15":"tag-fr","16":"tag-france","17":"tag-frederik-vesti","18":"tag-mercedes","19":"tag-sports","20":"tag-valtteri-bottas"},"share_on_mastodon":{"url":"https:\/\/pubeurope.com\/@fr\/114992327317428712","error":""},"_links":{"self":[{"href":"https:\/\/www.europesays.com\/fr\/wp-json\/wp\/v2\/posts\/304707","targetHints":{"allow":["GET"]}}],"collection":[{"href":"https:\/\/www.europesays.com\/fr\/wp-json\/wp\/v2\/posts"}],"about":[{"href":"https:\/\/www.europesays.com\/fr\/wp-json\/wp\/v2\/types\/post"}],"author":[{"embeddable":true,"href":"https:\/\/www.europesays.com\/fr\/wp-json\/wp\/v2\/users\/2"}],"replies":[{"embeddable":true,"href":"https:\/\/www.europesays.com\/fr\/wp-json\/wp\/v2\/comments?post=304707"}],"version-history":[{"count":0,"href":"https:\/\/www.europesays.com\/fr\/wp-json\/wp\/v2\/posts\/304707\/revisions"}],"wp:featuredmedia":[{"embeddable":true,"href":"https:\/\/www.europesays.com\/fr\/wp-json\/wp\/v2\/media\/304708"}],"wp:attachment":[{"href":"https:\/\/www.europesays.com\/fr\/wp-json\/wp\/v2\/media?parent=304707"}],"wp:term":[{"taxonomy":"category","embeddable":true,"href":"https:\/\/www.europesays.com\/fr\/wp-json\/wp\/v2\/categories?post=304707"},{"taxonomy":"post_tag","embeddable":true,"href":"https:\/\/www.europesays.com\/fr\/wp-json\/wp\/v2\/tags?post=304707"}],"curies":[{"name":"wp","href":"https:\/\/api.w.org\/{rel}","templated":true}]}}