{"id":304714,"date":"2025-08-08T09:04:12","date_gmt":"2025-08-08T09:04:12","guid":{"rendered":"https:\/\/www.europesays.com\/fr\/304714\/"},"modified":"2025-08-08T09:04:12","modified_gmt":"2025-08-08T09:04:12","slug":"le-libraire-independant-cedille-livre-ses-conseils-de-lecture-pour-lete","status":"publish","type":"post","link":"https:\/\/www.europesays.com\/fr\/304714\/","title":{"rendered":"le libraire ind\u00e9pendant C\u00e9dille livre ses conseils de lecture pour l\u2019\u00e9t\u00e9"},"content":{"rendered":"<p>En \u00e9t\u00e9, le livre constitue le compagnon de choix. Marcel Proust disait d\u2019ailleurs que \u00ab\u00a0la lecture est une amiti\u00e9\u00a0\u00bb. Alors, de qui les Clusiens peuvent-ils s\u2019entourer pour se divertir lors de la belle saison\u00a0? J\u00e9r\u00e9mie Bodd\u00e8le, g\u00e9rant de la librairie ind\u00e9pendante C\u00e9dille \u00e0 Cluses et son employ\u00e9, Julian Deschamps, r\u00e9pondent \u00e0 cette question et profitent de l\u2019occasion pour prodiguer quelques conseils de lecture.<\/p>\n<p>La BD, un genre \u00e0 ne pas n\u00e9gliger<\/p>\n<p>\u00ab\u00a0Il est difficile de passer \u00e0 c\u00f4t\u00e9 du ph\u00e9nom\u00e8ne McFadden\u00a0! C\u2019est pass\u00e9 quasiment inaper\u00e7u quand c\u2019est sorti [en&#8230;<\/p>\n","protected":false},"excerpt":{"rendered":"En \u00e9t\u00e9, le livre constitue le compagnon de choix. Marcel Proust disait d\u2019ailleurs que \u00ab\u00a0la lecture est une&hellip;\n","protected":false},"author":2,"featured_media":304715,"comment_status":"","ping_status":"","sticky":false,"template":"","format":"standard","meta":{"footnotes":""},"categories":[1357],"tags":[1379,17016,44457,1687,58,9543,59,1011,27,4638,1380,2410],"class_list":{"0":"post-304714","1":"post","2":"type-post","3":"status-publish","4":"format-standard","5":"has-post-thumbnail","7":"category-livres","8":"tag-books","9":"tag-cluses","10":"tag-cluses-bassin","11":"tag-culture-loisirs","12":"tag-divertissement","13":"tag-edition-mont-blanc-arve","14":"tag-entertainment","15":"tag-fr","16":"tag-france","17":"tag-haute-savoie","18":"tag-livres","19":"tag-livres-bd"},"share_on_mastodon":{"url":"https:\/\/pubeurope.com\/@fr\/114992346803383977","error":""},"_links":{"self":[{"href":"https:\/\/www.europesays.com\/fr\/wp-json\/wp\/v2\/posts\/304714","targetHints":{"allow":["GET"]}}],"collection":[{"href":"https:\/\/www.europesays.com\/fr\/wp-json\/wp\/v2\/posts"}],"about":[{"href":"https:\/\/www.europesays.com\/fr\/wp-json\/wp\/v2\/types\/post"}],"author":[{"embeddable":true,"href":"https:\/\/www.europesays.com\/fr\/wp-json\/wp\/v2\/users\/2"}],"replies":[{"embeddable":true,"href":"https:\/\/www.europesays.com\/fr\/wp-json\/wp\/v2\/comments?post=304714"}],"version-history":[{"count":0,"href":"https:\/\/www.europesays.com\/fr\/wp-json\/wp\/v2\/posts\/304714\/revisions"}],"wp:featuredmedia":[{"embeddable":true,"href":"https:\/\/www.europesays.com\/fr\/wp-json\/wp\/v2\/media\/304715"}],"wp:attachment":[{"href":"https:\/\/www.europesays.com\/fr\/wp-json\/wp\/v2\/media?parent=304714"}],"wp:term":[{"taxonomy":"category","embeddable":true,"href":"https:\/\/www.europesays.com\/fr\/wp-json\/wp\/v2\/categories?post=304714"},{"taxonomy":"post_tag","embeddable":true,"href":"https:\/\/www.europesays.com\/fr\/wp-json\/wp\/v2\/tags?post=304714"}],"curies":[{"name":"wp","href":"https:\/\/api.w.org\/{rel}","templated":true}]}}