{"id":304716,"date":"2025-08-08T09:05:10","date_gmt":"2025-08-08T09:05:10","guid":{"rendered":"https:\/\/www.europesays.com\/fr\/304716\/"},"modified":"2025-08-08T09:05:10","modified_gmt":"2025-08-08T09:05:10","slug":"alexandre-astier-nous-dit-tout-sur-les-deux-prochains-volets","status":"publish","type":"post","link":"https:\/\/www.europesays.com\/fr\/304716\/","title":{"rendered":"Alexandre Astier nous dit tout sur les deux prochains volets"},"content":{"rendered":"<p>Le casting et les dates de sorties ont \u00e9t\u00e9 annonc\u00e9s par son r\u00e9alisateur. Un casting XXL va ravir les fans de la saga, avec notamment le retour attendu de Simon Astier, alias Yvain, le beau-fr\u00e8re du roi Arthur.<\/p>\n<p class=\"fig-paragraph\"><a href=\"http:\/\/www.lefigaro.fr\/cinema\/kaamelott-2-sortira-sur-les-ecrans-le-22-octobre-2025-20241219\" data-fig-type=\"Article\" data-gtm-custom-categorie=\"navigation\" data-gtm-custom-action=\"crossclick\" data-gtm-custom-label=\"Contextuel\" data-gtm-event=\"customEventSPE\" data-fig-domain=\"LEFIGARO\" target=\"_blank\" rel=\"noopener\">Kaamelott 2<\/a>\u00a0s\u2019annonce comme un des \u00e9v\u00e9nements majeurs de cette fin d\u2019ann\u00e9e dans les salles de cin\u00e9ma. Apr\u00e8s l\u2019affiche d\u00e9voil\u00e9e le 23 juillet dernier,\u00a0<a href=\"http:\/\/www.lefigaro.fr\/cinema\/kaamelott-d-alexandre-astier-les-deux-derniers-volets-actuellement-en-preparation-20240912\" data-fig-type=\"Article\" data-gtm-custom-categorie=\"navigation\" data-gtm-custom-action=\"crossclick\" data-gtm-custom-label=\"Contextuel\" data-gtm-event=\"customEventSPE\" data-fig-domain=\"LEFIGARO\" target=\"_blank\" rel=\"noopener\">Alexandre Astier<\/a>\u00a0partage des nouvelles de la franchise. Avec une publication Instagram, il fait des grandes annonces, non seulement sur la distribution, les dates de sorties des films et le pitch mais aussi sur le casting XXL qui l\u2019accompagne.<\/p>\n<p class=\"fig-paragraph\">Pour suivre les\u00a0<a href=\"http:\/\/www.lefigaro.fr\/culture\/un-parchemin-du-xiiie-siecle-racontant-la-legende-du-roi-arthur-retrouve-en-angleterre-20250329\" data-fig-type=\"Article\" data-gtm-custom-categorie=\"navigation\" data-gtm-custom-action=\"crossclick\" data-gtm-custom-label=\"Contextuel\" data-gtm-event=\"customEventSPE\" data-fig-domain=\"LEFIGARO\" target=\"_blank\" rel=\"noopener\">aventures du roi Arthur<\/a>, il faudra aller deux fois au cin\u00e9ma. La premi\u00e8re partie sortira dans les salles le 22 octobre 2025, et la partie 2 suivra le 11 novembre 2026. Pourquoi en deux films\u00a0? \u00ab\u00a0Le deuxi\u00e8me volet de Kaamelott est le chapitre o\u00f9 Arthur envoie ses chevaliers -v\u00e9t\u00e9rans ou novices, compagnons de longue date ou recrues de l\u2019ann\u00e9e- \u00e0 l\u2019Aventure. Il s\u2019agit donc d\u2019un nombre colossal de personnages, regroup\u00e9s en \u00e9quipes, qui quittent\u00a0<a href=\"https:\/\/www.lefigaro.fr\/arts-expositions\/la-legende-retrouvee-du-chevalier-manquant-de-la-table-ronde-20240520\" data-fig-type=\"Article\" data-gtm-custom-categorie=\"navigation\" data-gtm-custom-action=\"crossclick\" data-gtm-custom-label=\"Contextuel\" data-gtm-event=\"customEventSPE\" data-fig-domain=\"LEFIGARO\" target=\"_blank\" rel=\"noopener\">la Table Ronde<\/a> \u00a0pour aller prouver leur valeur et leur courage aux quatre coins du monde. C\u2019est un volet long, constitu\u00e9 de nombreuses histoires parall\u00e8les, qui m\u00e9rite qu\u2019on s\u2019y attarde. Je n\u2019aurais pas compress\u00e9 tout \u00e7a en deux heures.\u00a0\u00bb<\/p>\n<p>                                    <a class=\"fig-a11y-skip a11y-hidden\" href=\"#fig-a11y-skip-main-inarticle\"><br \/>\n        Passer la publicit\u00e9<br \/>\n    <\/a><\/p>\n<p>Virginie Ledoyen et Franck Dubosc, des nouveaux arrivant<\/p>\n<p class=\"fig-paragraph\">Deux films oui, mais un\u00a0<a href=\"http:\/\/www.lefigaro.fr\/cinema\/il-l-avait-promis-alexandre-astier-a-accompagne-arnaud-a-sa-200eme-seance-de-kaamelott-premier-volet-20210917\" data-fig-type=\"Article\" data-gtm-custom-categorie=\"navigation\" data-gtm-custom-action=\"crossclick\" data-gtm-custom-label=\"Contextuel\" data-gtm-event=\"customEventSPE\" data-fig-domain=\"LEFIGARO\" target=\"_blank\" rel=\"noopener\">seul univers, une seule histoire<\/a>. \u00ab\u00a0Un volet unique, une seule unit\u00e9 de temps claire, les m\u00eames mondes, les m\u00eames aventuriers\u2026 et surtout, un m\u00eame tournage, de plus de huit mois.\u00a0\u00bb\u00a0<a href=\"http:\/\/www.lefigaro.fr\/cinema\/alexandre-astier-si-jamais-l-intelligence-artificielle-est-capable-de-m-imiter-c-est-que-je-suis-le-probleme-pas-l-ordinateur-20230424\" data-fig-type=\"Article\" data-gtm-custom-categorie=\"navigation\" data-gtm-custom-action=\"crossclick\" data-gtm-custom-label=\"Contextuel\" data-gtm-event=\"customEventSPE\" data-fig-domain=\"LEFIGARO\" target=\"_blank\" rel=\"noopener\">Alexandre Astier<\/a>\u00a0pr\u00e9cise qu\u2019il n\u2019y aura aucune ellipse entre les deux parties, qui pourront d\u2019ailleurs \u00eatre vues \u00e0 la suite l\u2019une de l\u2019autre comme un seul grand film\u00a0: \u00ab\u00a0Comme un gros bouquin coup\u00e9 en deux, un long spectacle avec entracte.\u00a0\u00bb<\/p>\n<p class=\"fig-paragraph\">Le tournage qui s\u2019est \u00e9tal\u00e9 sur 8 mois a rassembl\u00e9 plus de 78 acteurs. De nouveaux acteurs d\u00e9barquent dans le monde imagin\u00e9 par Alexandre Astier il y a 25 ans. On peut notamment noter l\u2019arriv\u00e9e de\u00a0<a href=\"http:\/\/www.lefigaro.fr\/flash-actu\/virginie-ledoyen-presidera-la-10e-queer-palm-prix-lgbt-a-cannes-20190417\" data-fig-type=\"NewsFlash\" data-gtm-custom-categorie=\"navigation\" data-gtm-custom-action=\"crossclick\" data-gtm-custom-label=\"Contextuel\" data-gtm-event=\"customEventSPE\" data-fig-domain=\"LEFIGARO\" target=\"_blank\" rel=\"noopener\">Virginie Ledoyen<\/a>\u00a0pour reprendre le r\u00f4le d\u2019Anna de Tintagel. Ainsi que celles de\u00a0<a href=\"http:\/\/www.lefigaro.fr\/culture\/avec-un-ours-dans-le-jura-franck-dubosc-devient-un-cineaste-qui-compte-20241229\" data-fig-type=\"Article\" data-gtm-custom-categorie=\"navigation\" data-gtm-custom-action=\"crossclick\" data-gtm-custom-label=\"Contextuel\" data-gtm-event=\"customEventSPE\" data-fig-domain=\"LEFIGARO\" target=\"_blank\" rel=\"noopener\">Franck Dubosc<\/a>\u00a0en Alfarn et de l\u2019humoriste\u00a0<a href=\"http:\/\/www.lefigaro.fr\/culture\/gad-elmaleh-et-redouane-bougheraba-feront-sensation-a-marseille-le-20-mai-20250515\" data-fig-type=\"Article\" data-gtm-custom-categorie=\"navigation\" data-gtm-custom-action=\"crossclick\" data-gtm-custom-label=\"Contextuel\" data-gtm-event=\"customEventSPE\" data-fig-domain=\"LEFIGARO\" target=\"_blank\" rel=\"noopener\">Redouane Bougheraba<\/a>\u00a0en Silas. \u00ab\u00a0Ceux qui ne sont plus l\u00e0, ceux qui y sont encore, ceux qui nous ont rejoints, ceux qui \u00e9taient partis un temps et qui reviennent&#8230; J\u2019avoue que l\u2019un de mes premiers plaisirs de metteur en sc\u00e8ne est d\u2019accueillir de nouveaux com\u00e9diens dans le monde de K, devenu pour certains une sorte d\u2019institution. De jeunes actrices et acteurs, souvent un peu intimid\u00e9s \u00e0 l\u2019id\u00e9e de rejoindre les \u00ab historiques\u00a0\u00bb, et qui trouvent leur place parmi nous, peut-\u00eatre pour longtemps, qui sait\u00a0?\u00a0\u00bb, se r\u00e9jouit le r\u00e9alisateur fran\u00e7ais. Les fans pourront appr\u00e9cier le grand retour de Simon Astier, alias Yvain, le beau-fr\u00e8re d\u2019Arthur ainsi que le chevalier au lion. Il \u00e9tait absent du premier volet.<\/p>\n<p class=\"fig-paragraph\">\u00ab\u00a0Bient\u00f4t 25 ans. Kaamelott refl\u00e8te toujours ce que j\u2019ai envie de raconter au moment o\u00f9 j\u2019en \u00e9cris une nouvelle page\u00a0: \u00e0 trente, \u00e0 quarante, \u00e0 cinquante ans aujourd\u2019hui.\u00a0\u00bb Alexandre Astier continue de se r\u00e9jouir quant au d\u00e9roul\u00e9 de sa saga. Il veut qu\u2019elle soit en permanente \u00e9volution en s\u2019adaptant aux contraintes qui lui font face. Le\u00a0<a href=\"http:\/\/www.lefigaro.fr\/cinema\/alexandre-astier-je-ne-suis-pas-fan-de-kaamelott-je-ne-sais-meme-pas-si-j-aime-20210722\" data-fig-type=\"Article\" data-gtm-custom-categorie=\"navigation\" data-gtm-custom-action=\"crossclick\" data-gtm-custom-label=\"Contextuel\" data-gtm-event=\"customEventSPE\" data-fig-domain=\"LEFIGARO\" target=\"_blank\" rel=\"noopener\">premier film Kaamelott<\/a>\u00a0avait r\u00e9uni plus de 2,6 millions de spectateurs dans les salles de cin\u00e9ma.<\/p>\n","protected":false},"excerpt":{"rendered":"Le casting et les dates de sorties ont \u00e9t\u00e9 annonc\u00e9s par son r\u00e9alisateur. Un casting XXL va ravir&hellip;\n","protected":false},"author":2,"featured_media":304717,"comment_status":"","ping_status":"","sticky":false,"template":"","format":"standard","meta":{"footnotes":""},"categories":[1356],"tags":[16223,14989,2203,650,58,59,1011,27,41019,252,1364],"class_list":{"0":"post-304716","1":"post","2":"type-post","3":"status-publish","4":"format-standard","5":"has-post-thumbnail","7":"category-television","8":"tag-alain-chabat","9":"tag-alexandre-astier","10":"tag-christian-clavier","11":"tag-cinema","12":"tag-divertissement","13":"tag-entertainment","14":"tag-fr","15":"tag-france","16":"tag-kaamelott","17":"tag-television","18":"tag-tv"},"share_on_mastodon":{"url":"https:\/\/pubeurope.com\/@fr\/114992350765538989","error":""},"_links":{"self":[{"href":"https:\/\/www.europesays.com\/fr\/wp-json\/wp\/v2\/posts\/304716","targetHints":{"allow":["GET"]}}],"collection":[{"href":"https:\/\/www.europesays.com\/fr\/wp-json\/wp\/v2\/posts"}],"about":[{"href":"https:\/\/www.europesays.com\/fr\/wp-json\/wp\/v2\/types\/post"}],"author":[{"embeddable":true,"href":"https:\/\/www.europesays.com\/fr\/wp-json\/wp\/v2\/users\/2"}],"replies":[{"embeddable":true,"href":"https:\/\/www.europesays.com\/fr\/wp-json\/wp\/v2\/comments?post=304716"}],"version-history":[{"count":0,"href":"https:\/\/www.europesays.com\/fr\/wp-json\/wp\/v2\/posts\/304716\/revisions"}],"wp:featuredmedia":[{"embeddable":true,"href":"https:\/\/www.europesays.com\/fr\/wp-json\/wp\/v2\/media\/304717"}],"wp:attachment":[{"href":"https:\/\/www.europesays.com\/fr\/wp-json\/wp\/v2\/media?parent=304716"}],"wp:term":[{"taxonomy":"category","embeddable":true,"href":"https:\/\/www.europesays.com\/fr\/wp-json\/wp\/v2\/categories?post=304716"},{"taxonomy":"post_tag","embeddable":true,"href":"https:\/\/www.europesays.com\/fr\/wp-json\/wp\/v2\/tags?post=304716"}],"curies":[{"name":"wp","href":"https:\/\/api.w.org\/{rel}","templated":true}]}}