{"id":304720,"date":"2025-08-08T09:07:09","date_gmt":"2025-08-08T09:07:09","guid":{"rendered":"https:\/\/www.europesays.com\/fr\/304720\/"},"modified":"2025-08-08T09:07:09","modified_gmt":"2025-08-08T09:07:09","slug":"ce-netait-pas-le-meme-homme","status":"publish","type":"post","link":"https:\/\/www.europesays.com\/fr\/304720\/","title":{"rendered":"ce n&rsquo;\u00e9tait pas le m\u00eame homme"},"content":{"rendered":"<p><strong>Aux antipodes<\/strong>. Souvent d\u00e9crit comme un homme hautain lors de ses interviews, <a href=\"https:\/\/www.journaldesfemmes.fr\/people\/alain-delon\/\" title=\"Alain Delon\" rel=\"nofollow noopener\" target=\"_blank\">Alain Delon<\/a> \u00e9tait tr\u00e8s diff\u00e9rent dans la vie de tous les jours selon les habitants de\u00a0Douchy dans le Loiret o\u00f9 il habitait. \u00ab\u00a0Ce n&rsquo;\u00e9tait pas le m\u00eame homme et cela se comprend\u00a0\u00bb, a ainsi expliqu\u00e9 l&rsquo;un d&rsquo;entre eux \u00e0\u00a0La R\u00e9publique du Centre. \u00ab\u00a0Quand il venait au village, il allait manger au restaurant. Il faisait ses courses, il allait chercher son pain. Il allait \u00e0 la boucherie&#8230;. Comme tout le monde ici\u00a0\u00bb, a ajout\u00e9 la fleuriste de la commune.<\/p>\n","protected":false},"excerpt":{"rendered":"Aux antipodes. Souvent d\u00e9crit comme un homme hautain lors de ses interviews, Alain Delon \u00e9tait tr\u00e8s diff\u00e9rent dans&hellip;\n","protected":false},"author":2,"featured_media":304721,"comment_status":"","ping_status":"","sticky":false,"template":"","format":"standard","meta":{"footnotes":""},"categories":[1354],"tags":[58,59,1346,1011,27,1360],"class_list":{"0":"post-304720","1":"post","2":"type-post","3":"status-publish","4":"format-standard","5":"has-post-thumbnail","7":"category-films","8":"tag-divertissement","9":"tag-entertainment","10":"tag-films","11":"tag-fr","12":"tag-france","13":"tag-movies"},"share_on_mastodon":{"url":"https:\/\/pubeurope.com\/@fr\/114992358618276082","error":""},"_links":{"self":[{"href":"https:\/\/www.europesays.com\/fr\/wp-json\/wp\/v2\/posts\/304720","targetHints":{"allow":["GET"]}}],"collection":[{"href":"https:\/\/www.europesays.com\/fr\/wp-json\/wp\/v2\/posts"}],"about":[{"href":"https:\/\/www.europesays.com\/fr\/wp-json\/wp\/v2\/types\/post"}],"author":[{"embeddable":true,"href":"https:\/\/www.europesays.com\/fr\/wp-json\/wp\/v2\/users\/2"}],"replies":[{"embeddable":true,"href":"https:\/\/www.europesays.com\/fr\/wp-json\/wp\/v2\/comments?post=304720"}],"version-history":[{"count":0,"href":"https:\/\/www.europesays.com\/fr\/wp-json\/wp\/v2\/posts\/304720\/revisions"}],"wp:featuredmedia":[{"embeddable":true,"href":"https:\/\/www.europesays.com\/fr\/wp-json\/wp\/v2\/media\/304721"}],"wp:attachment":[{"href":"https:\/\/www.europesays.com\/fr\/wp-json\/wp\/v2\/media?parent=304720"}],"wp:term":[{"taxonomy":"category","embeddable":true,"href":"https:\/\/www.europesays.com\/fr\/wp-json\/wp\/v2\/categories?post=304720"},{"taxonomy":"post_tag","embeddable":true,"href":"https:\/\/www.europesays.com\/fr\/wp-json\/wp\/v2\/tags?post=304720"}],"curies":[{"name":"wp","href":"https:\/\/api.w.org\/{rel}","templated":true}]}}