{"id":304726,"date":"2025-08-08T09:10:11","date_gmt":"2025-08-08T09:10:11","guid":{"rendered":"https:\/\/www.europesays.com\/fr\/304726\/"},"modified":"2025-08-08T09:10:11","modified_gmt":"2025-08-08T09:10:11","slug":"the-voice-le-mari-de-cette-emblematique-juree-de-lemission-est-decede-brutalement-a-lage-de-48-ans","status":"publish","type":"post","link":"https:\/\/www.europesays.com\/fr\/304726\/","title":{"rendered":"\u00ab\u00a0The Voice\u00a0\u00bb : le mari de cette embl\u00e9matique jur\u00e9e de l\u2019\u00e9mission est d\u00e9c\u00e9d\u00e9 brutalement \u00e0 l\u2019\u00e2ge de 48 ans"},"content":{"rendered":"<p>      R\u00e9sum\u00e9<\/p>\n<p>Brandon Blackstock, agent artistique et ex-mari de Kelly Clarkson, est d\u00e9c\u00e9d\u00e9 \u00e0 48 ans apr\u00e8s une longue lutte contre le cancer, laissant derri\u00e8re lui sa famille et un h\u00e9ritage musical.<\/p>\n<p>        Sommaire<\/p>\n<p>C&rsquo;est un choc pour le monde de la musique et de la t\u00e9l\u00e9vision am\u00e9ricaine. Selon les informations de <a href=\"https:\/\/people.com\/brandon-blackstock-kelly-clarkson-ex-husband-dead-11727669?utm_campaign=peoplemagazine&amp;utm_content=manual&amp;utm_medium=social&amp;utm_source=facebook.com\" target=\"_blank\" rel=\"noreferrer noopener nofollow\">People<\/a>, <strong>Brandon Blackstock<\/strong>, ex-mari de Kelly Clarkson, est <strong>d\u00e9c\u00e9d\u00e9 \u00e0 l&rsquo;\u00e2ge de 48 ans<\/strong>. <\/p>\n<p>Connu comme agent artistique talentueux, il avait notamment travaill\u00e9 aux c\u00f4t\u00e9s de stars comme Blake Shelton et Kelly Clarkson elle-m\u00eame.<\/p>\n<p>Un repr\u00e9sentant de la famille a confirm\u00e9 la triste nouvelle dans un communiqu\u00e9 : \u00ab\u00a0C&rsquo;est avec une immense tristesse que nous annon\u00e7ons le d\u00e9c\u00e8s de Brandon Blackstock. <strong>Brandon a courageusement lutt\u00e9 contre le cancer pendant plus de trois ans<\/strong>. Il s&rsquo;est \u00e9teint paisiblement, entour\u00e9 de sa famille. Nous vous remercions pour vos pens\u00e9es et vos pri\u00e8res et demandons \u00e0 chacun de respecter l&rsquo;intimit\u00e9 de la famille en cette p\u00e9riode tr\u00e8s difficile.\u00a0\u00bb<\/p>\n<p>Brandon Blackstock : un p\u00e8re d\u00e9vou\u00e9<\/p>\n<p>Le combat de Brandon Blackstock contre la maladie \u00e9tait rest\u00e9 discret jusqu&rsquo;au 6 ao\u00fbt dernier, lorsque Kelly Clarkson, jur\u00e9e embl\u00e9matique de <a href=\"https:\/\/www.public.fr\/tag\/the-voice\" rel=\"nofollow noopener\" target=\"_blank\">The Voice<\/a> aux \u00c9tats-Unis, a r\u00e9v\u00e9l\u00e9 la situation \u00e0 ses fans. <\/p>\n<p>Dans un message \u00e9mouvant, elle expliquait avoir report\u00e9 sa r\u00e9sidence \u00e0 Las Vegas afin de passer du temps avec <a href=\"https:\/\/www.public.fr\/kelly-clarkson-enceinte-de-son-deuxieme-enfant\" rel=\"nofollow noopener\" target=\"_blank\">leurs deux enfants<\/a>, <strong><a href=\"https:\/\/www.public.fr\/kelly-clarkson-sa-petite-river-rose-deja-sur-le-plateau-de-the-voice\" rel=\"nofollow noopener\" target=\"_blank\">River (11 ans)<\/a> et Remington (9 ans) <\/strong>: \u00ab\u00a0Bien que je garde normalement ma vie priv\u00e9e priv\u00e9e, l&rsquo;ann\u00e9e derni\u00e8re, le p\u00e8re de mes enfants a \u00e9t\u00e9 malade et en ce moment, je dois \u00eatre pleinement pr\u00e9sente pour eux.\u00a0\u00bb<\/p>\n<p>P\u00e8re d\u00e9vou\u00e9, <strong>Brandon Blackstock avait \u00e9galement deux autres enfants (Savannah et Seth)<\/strong> issus d&rsquo;un pr\u00e9c\u00e9dent mariage. Il \u00e9tait aussi devenu grand-p\u00e8re en 2022 avec la naissance de Lake, le fils de Savannah. <\/p>\n<p>Kelly Clarkson (The Voice) en deuil<\/p>\n<p>Sa rencontre avec Kelly Clarkson remonte \u00e0 2006, lors d&rsquo;une r\u00e9p\u00e9tition des Academy of Country Music Awards. Mari\u00e9s en 2013, ils avaient partag\u00e9 une vie professionnelle et personnelle intense, jusqu&rsquo;\u00e0 leur divorce en 2022. Malgr\u00e9 la s\u00e9paration, la chanteuse am\u00e9ricaine n&rsquo;a jamais cach\u00e9 l&rsquo;importance qu&rsquo;il a eue dans sa vie.<\/p>\n<p><strong>Brandon Blackstock laisse derri\u00e8re lui ses quatre enfants, son petit-fils, ses parents et ses fr\u00e8res et s\u0153urs, ainsi qu&rsquo;un vide immense dans le c\u0153ur de ceux qui l&rsquo;ont connu. <br \/><\/strong><br \/>Toujours selon les informations de People, sa disparition marque la fin d&rsquo;un chapitre important de l&rsquo;histoire de la musique country et pop am\u00e9ricaine. <\/p>\n<p><img loading=\"lazy\" decoding=\"async\" width=\"873\" height=\"1024\" src=\"https:\/\/www.europesays.com\/fr\/wp-content\/uploads\/2025\/08\/ABACA_BRAFF20250807_048-873x1024.jpg\" alt=\"&quot;The Voice&quot; : le mari de cette embl\u00e9matique jur\u00e9e de l\u2019\u00e9mission est d\u00e9c\u00e9d\u00e9e brutalement \u00e0 l\u2019\u00e2ge de 48 ans\"  \/><\/p>\n<p>\u00a9 O&rsquo;Connor\/AFF-USA.com<\/p>\n<p>      Mentionn\u00e9s dans cet article<\/p>\n<p>      Sur le m\u00eame sujet<\/p>\n","protected":false},"excerpt":{"rendered":"R\u00e9sum\u00e9 Brandon Blackstock, agent artistique et ex-mari de Kelly Clarkson, est d\u00e9c\u00e9d\u00e9 \u00e0 48 ans apr\u00e8s une longue&hellip;\n","protected":false},"author":2,"featured_media":304727,"comment_status":"","ping_status":"","sticky":false,"template":"","format":"standard","meta":{"footnotes":""},"categories":[8],"tags":[58,59,1011,27,44458,18,3074],"class_list":{"0":"post-304726","1":"post","2":"type-post","3":"status-publish","4":"format-standard","5":"has-post-thumbnail","7":"category-divertissement","8":"tag-divertissement","9":"tag-entertainment","10":"tag-fr","11":"tag-france","12":"tag-kelly-clarkson","13":"tag-mort","14":"tag-the-voice"},"share_on_mastodon":{"url":"https:\/\/pubeurope.com\/@fr\/114992370581010347","error":""},"_links":{"self":[{"href":"https:\/\/www.europesays.com\/fr\/wp-json\/wp\/v2\/posts\/304726","targetHints":{"allow":["GET"]}}],"collection":[{"href":"https:\/\/www.europesays.com\/fr\/wp-json\/wp\/v2\/posts"}],"about":[{"href":"https:\/\/www.europesays.com\/fr\/wp-json\/wp\/v2\/types\/post"}],"author":[{"embeddable":true,"href":"https:\/\/www.europesays.com\/fr\/wp-json\/wp\/v2\/users\/2"}],"replies":[{"embeddable":true,"href":"https:\/\/www.europesays.com\/fr\/wp-json\/wp\/v2\/comments?post=304726"}],"version-history":[{"count":0,"href":"https:\/\/www.europesays.com\/fr\/wp-json\/wp\/v2\/posts\/304726\/revisions"}],"wp:featuredmedia":[{"embeddable":true,"href":"https:\/\/www.europesays.com\/fr\/wp-json\/wp\/v2\/media\/304727"}],"wp:attachment":[{"href":"https:\/\/www.europesays.com\/fr\/wp-json\/wp\/v2\/media?parent=304726"}],"wp:term":[{"taxonomy":"category","embeddable":true,"href":"https:\/\/www.europesays.com\/fr\/wp-json\/wp\/v2\/categories?post=304726"},{"taxonomy":"post_tag","embeddable":true,"href":"https:\/\/www.europesays.com\/fr\/wp-json\/wp\/v2\/tags?post=304726"}],"curies":[{"name":"wp","href":"https:\/\/api.w.org\/{rel}","templated":true}]}}