{"id":304728,"date":"2025-08-08T09:11:10","date_gmt":"2025-08-08T09:11:10","guid":{"rendered":"https:\/\/www.europesays.com\/fr\/304728\/"},"modified":"2025-08-08T09:11:10","modified_gmt":"2025-08-08T09:11:10","slug":"le-lac-leman-rebaptise-par-erreur-lac-de-geneve-sur-lapplication-plans-dapple","status":"publish","type":"post","link":"https:\/\/www.europesays.com\/fr\/304728\/","title":{"rendered":"Le lac L\u00e9man rebaptis\u00e9 par erreur \u00ablac de Gen\u00e8ve\u00bb sur l\u2019application Plans d\u2019Apple"},"content":{"rendered":"<p>L\u2019application a probablement \u00e9t\u00e9 victime de blagueurs profitant d\u2019une faille dans son processus de v\u00e9rification des modifications sugg\u00e9r\u00e9es par les utilisateurs.<\/p>\n<p class=\"fig-paragraph\">Gen\u00e8ve est-elle en train d\u2019annexer le lac L\u00e9man\u00a0? Depuis quelques jours, les utilisateurs de\u00a0<a href=\"https:\/\/www.lefigaro.fr\/secteur\/high-tech\/2018\/07\/02\/32001-20180702ARTFIG00283-le-plan-d-apple-pour-rattraper-son-retard-sur-google-maps.php\" data-fig-type=\"Article\" data-gtm-custom-categorie=\"navigation\" data-gtm-custom-action=\"crossclick\" data-gtm-custom-label=\"Contextuel\" data-gtm-event=\"customEventSPE\" data-fig-domain=\"LEFIGARO\" target=\"_blank\" rel=\"noopener\">l\u2019application Plans d\u2019Apple<\/a>\u00a0ont la surprise de voir l\u2019\u00e9tendue d\u2019eau \u00e0 la fronti\u00e8re entre la France et la Suisse renomm\u00e9e \u00ablac de Gen\u00e8ve\u00bb, ainsi qu\u2019on l\u2019appelle sur la rive ouest o\u00f9 se trouve la ville \u00e9ponyme. Une erreur rep\u00e9r\u00e9e le 5 ao\u00fbt par le site sp\u00e9cialis\u00e9\u00a0<a href=\"https:\/\/www.mac4ever.com\/iphone\/191072-scandale-en-suisse-apple-a-renomme-le-lac-leman-en-lac-de-geneve\" target=\"_blank\" rel=\"sponsored noopener\" data-gtm-custom-categorie=\"navigation\" data-gtm-custom-action=\"crossclick\" data-gtm-custom-label=\"Contextuel\" data-gtm-event=\"customEventSPE\">Mac4ever<\/a>\u00a0et toujours pas corrig\u00e9e ce vendredi 8 ao\u00fbt au matin.<\/p>\n<p class=\"fig-paragraph\">Il ne s\u2019agit pas,\u00a0<a href=\"http:\/\/www.lefigaro.fr\/conjoncture\/sur-google-maps-le-golfe-du-mexique-va-etre-renomme-golfe-d-amerique-20250128\" data-fig-type=\"Article\" data-gtm-custom-categorie=\"navigation\" data-gtm-custom-action=\"crossclick\" data-gtm-custom-label=\"Contextuel\" data-gtm-event=\"customEventSPE\" data-fig-domain=\"LEFIGARO\" target=\"_blank\" rel=\"noopener\">comme avec le golfe du Mexique renomm\u00e9 \u00abgolfe d\u2019Am\u00e9rique\u00bb par Donald Trump<\/a>, d\u2019une lubie de politiques voulant imposer le nom de leur canton \u00e0 leurs voisins, mais probablement d\u2019une faille du syst\u00e8me exploit\u00e9e par des blagueurs genevois, estime le site sp\u00e9cialis\u00e9. Les applications de cartographie en ligne, y compris celles des g\u00e9ants comme Google et Apple, fonctionnent sur la base de suggestions de leurs utilisateurs pour rester \u00e0 jour.<\/p>\n<p>                                    <a class=\"fig-a11y-skip a11y-hidden\" href=\"#fig-a11y-skip-main-inarticle\"><br \/>\n        Passer la publicit\u00e9<br \/>\n    <\/a><\/p>\n<p class=\"fig-paragraph\">Plans propose donc \u00e0 ses utilisateurs de signaler des erreurs\u00a0: on peut ainsi sugg\u00e9rer une correction du nom d\u2019un lieu dans l\u2019application, et il semble que si suffisamment de personnes se coordonnent pour faire le m\u00eame signalement, il soit accept\u00e9 sans v\u00e9rification plus approfondie. Heureusement, l\u2019application trouve toujours le lac L\u00e9man si on le cherche pr\u00e9cis\u00e9ment, ce qui devrait limiter le risque de confusion lors de la recherche d\u2019itin\u00e9raire.<\/p>\n<p class=\"fig-paragraph\">Contact\u00e9, Apple n\u2019avait pas encore r\u00e9pondu au Figaro au moment de la publication de l\u2019article. Mais cette faille dans le processus de v\u00e9rification a d\u00e9j\u00e0 \u00e9t\u00e9 exploit\u00e9e en juin, quand des utilisateurs avaient r\u00e9ussi \u00e0 faire\u00a0<a href=\"http:\/\/www.lefigaro.fr\/faits-divers\/a-paris-le-boulevard-haussmann-rebaptise-boulevard-ousmane-sur-apple-plans-20250623\" data-fig-type=\"NewsFlash\" data-gtm-custom-categorie=\"navigation\" data-gtm-custom-action=\"crossclick\" data-gtm-custom-label=\"Contextuel\" data-gtm-event=\"customEventSPE\" data-fig-domain=\"LEFIGARO\" target=\"_blank\" rel=\"noopener\">renommer le boulevard Haussmann \u00e0 Paris en \u00abboulevard Ousmane\u00bb<\/a>, en hommage \u00e0 Ousmane Demb\u00e9l\u00e9 apr\u00e8s la victoire du PSG en Ligue des Champions.<\/p>\n","protected":false},"excerpt":{"rendered":"L\u2019application a probablement \u00e9t\u00e9 victime de blagueurs profitant d\u2019une faille dans son processus de v\u00e9rification des modifications sugg\u00e9r\u00e9es&hellip;\n","protected":false},"author":2,"featured_media":304729,"comment_status":"","ping_status":"","sticky":false,"template":"","format":"standard","meta":{"footnotes":""},"categories":[7],"tags":[733,1011,27,43,40,41,39,42,44],"class_list":{"0":"post-304728","1":"post","2":"type-post","3":"status-publish","4":"format-standard","5":"has-post-thumbnail","7":"category-sciences-et-technologies","8":"tag-apple","9":"tag-fr","10":"tag-france","11":"tag-science","12":"tag-science-and-technology","13":"tag-sciences","14":"tag-sciences-et-technologies","15":"tag-technologies","16":"tag-technology"},"share_on_mastodon":{"url":"https:\/\/pubeurope.com\/@fr\/114992374381019054","error":""},"_links":{"self":[{"href":"https:\/\/www.europesays.com\/fr\/wp-json\/wp\/v2\/posts\/304728","targetHints":{"allow":["GET"]}}],"collection":[{"href":"https:\/\/www.europesays.com\/fr\/wp-json\/wp\/v2\/posts"}],"about":[{"href":"https:\/\/www.europesays.com\/fr\/wp-json\/wp\/v2\/types\/post"}],"author":[{"embeddable":true,"href":"https:\/\/www.europesays.com\/fr\/wp-json\/wp\/v2\/users\/2"}],"replies":[{"embeddable":true,"href":"https:\/\/www.europesays.com\/fr\/wp-json\/wp\/v2\/comments?post=304728"}],"version-history":[{"count":0,"href":"https:\/\/www.europesays.com\/fr\/wp-json\/wp\/v2\/posts\/304728\/revisions"}],"wp:featuredmedia":[{"embeddable":true,"href":"https:\/\/www.europesays.com\/fr\/wp-json\/wp\/v2\/media\/304729"}],"wp:attachment":[{"href":"https:\/\/www.europesays.com\/fr\/wp-json\/wp\/v2\/media?parent=304728"}],"wp:term":[{"taxonomy":"category","embeddable":true,"href":"https:\/\/www.europesays.com\/fr\/wp-json\/wp\/v2\/categories?post=304728"},{"taxonomy":"post_tag","embeddable":true,"href":"https:\/\/www.europesays.com\/fr\/wp-json\/wp\/v2\/tags?post=304728"}],"curies":[{"name":"wp","href":"https:\/\/api.w.org\/{rel}","templated":true}]}}