{"id":304734,"date":"2025-08-08T09:14:09","date_gmt":"2025-08-08T09:14:09","guid":{"rendered":"https:\/\/www.europesays.com\/fr\/304734\/"},"modified":"2025-08-08T09:14:09","modified_gmt":"2025-08-08T09:14:09","slug":"une-femme-de-45-ans-retrouvee-morte-a-son-domicile-un-homme-interpelle","status":"publish","type":"post","link":"https:\/\/www.europesays.com\/fr\/304734\/","title":{"rendered":"une femme de 45 ans retrouv\u00e9e morte \u00e0 son domicile, un homme interpell\u00e9"},"content":{"rendered":"<p>Les faits se sont d\u00e9roul\u00e9s le 6 ao\u00fbt, \u00e0 Panazol, une commune situ\u00e9e pr\u00e8s de Limoges. Au moment du drame, deux adolescents de 13 et 16 ans se trouvaient sur les lieux.<\/p>\n<p class=\"fig-paragraph\">Une m\u00e8re de famille \u00e2g\u00e9e de 45 ans a \u00e9t\u00e9 retrouv\u00e9e morte \u00e0 son domicile, ce mercredi \u00e0 Panazol (<a href=\"http:\/\/www.lefigaro.fr\/faits-divers\/haute-vienne-une-adolescente-de-15-ans-retrouvee-morte-poignardee-20241215\" data-fig-type=\"NewsFlash\" data-gtm-custom-categorie=\"navigation\" data-gtm-custom-action=\"crossclick\" data-gtm-custom-label=\"Contextuel\" data-gtm-event=\"customEventSPE\" data-fig-domain=\"LEFIGARO\" target=\"_blank\" rel=\"noopener\">Haute-Vienne<\/a>), une petite commune pr\u00e8s de\u00a0<a href=\"http:\/\/www.lefigaro.fr\/faits-divers\/ca-a-ete-infernal-une-nouvelle-nuit-de-violences-dans-un-quartier-sensible-de-limoges-dix-policiers-blesses-20250719\" data-fig-type=\"NewsFlash\" data-gtm-custom-categorie=\"navigation\" data-gtm-custom-action=\"crossclick\" data-gtm-custom-label=\"Contextuel\" data-gtm-event=\"customEventSPE\" data-fig-domain=\"LEFIGARO\" target=\"_blank\" rel=\"noopener\">Limoges<\/a>, a appris Le Figaro aupr\u00e8s du parquet de Limoges, confirmant des informations de\u00a0<a href=\"https:\/\/www.francebleu.fr\/infos\/faits-divers-justice\/une-femme-de-45-ans-retrouvee-morte-a-panazol-des-traces-de-balles-5988114\" target=\"_blank\" rel=\"sponsored noopener\" data-gtm-custom-categorie=\"navigation\" data-gtm-custom-action=\"crossclick\" data-gtm-custom-label=\"Contextuel\" data-gtm-event=\"customEventSPE\">France Bleu<\/a> . Le principal suspect, un homme de 32 ans, a \u00e9t\u00e9 plac\u00e9 en garde \u00e0 vue \u00abdu chef de meurtre\u00bb apr\u00e8s s\u2019\u00eatre lui-m\u00eame rendu aux forces de l\u2019ordre.<\/p>\n<p class=\"fig-paragraph\">L\u2019enqu\u00eate se poursuit et \u00abde nombreuses auditions\u00bb vont \u00eatre r\u00e9alis\u00e9es. Le but \u00e9tant d\u2019\u00e9tablir les circonstances du d\u00e9c\u00e8s et de d\u00e9terminer la nature des relations entre la victime et le mis en cause.<\/p>\n<p>                                    <a class=\"fig-a11y-skip a11y-hidden\" href=\"#fig-a11y-skip-main-inarticle\"><br \/>\n        Passer la publicit\u00e9<br \/>\n    <\/a><\/p>\n<p>Bruit de d\u00e9tonation<\/p>\n<p class=\"fig-paragraph\">Vers 20 heures, \u00e0 la rue \u00c9dith Piaf \u00e0 Panazol, un voisin entend un bruit de d\u00e9tonation. Imm\u00e9diatement, il se rend au domicile de la victime, d\u00e9couvre le corps inerte de la femme et appelle la police.<\/p>\n<p class=\"fig-paragraph\">Mobilis\u00e9es sur place, les forces de l\u2019ordre d\u00e9couvrent deux adolescents \u00e2g\u00e9s de 13 et 16 ans pr\u00e9sents au moment du drame. Ils ont \u00e9t\u00e9 conduits \u00e0 l\u2019h\u00f4pital \u00abafin de faire l\u2019objet d\u2019une prise en charge psychologique\u00bb, indique la procureur, Emilie Abrantes.<\/p>\n<p>Blessure au niveau de la t\u00eate<\/p>\n<p class=\"fig-paragraph\">Les premi\u00e8res investigations ont permis d\u2019\u00e9tablir que la cause de la mort serait \u00abcons\u00e9cutive \u00e0 une blessure par arme \u00e0 feu au niveau de la t\u00eate\u00bb, poursuit la procureur qui pr\u00e9cise avoir ouvert une enqu\u00eate de flagrance, confi\u00e9e \u00e0 la division de la criminalit\u00e9 organis\u00e9e et sp\u00e9cialis\u00e9e de Limoges.<\/p>\n<p class=\"fig-paragraph\">Plus tard dans la soir\u00e9e, aux alentours de 22h50, le suspect, qui avait \u00e9t\u00e9 vu quitter le domicile de la victime, se rend au commissariat.<\/p>\n","protected":false},"excerpt":{"rendered":"Les faits se sont d\u00e9roul\u00e9s le 6 ao\u00fbt, \u00e0 Panazol, une commune situ\u00e9e pr\u00e8s de Limoges. Au moment&hellip;\n","protected":false},"author":2,"featured_media":304735,"comment_status":"","ping_status":"","sticky":false,"template":"","format":"standard","meta":{"footnotes":""},"categories":[4],"tags":[11,5141,1011,27,777,12,25],"class_list":{"0":"post-304734","1":"post","2":"type-post","3":"status-publish","4":"format-standard","5":"has-post-thumbnail","7":"category-france","8":"tag-actualites","9":"tag-arme-a-feu","10":"tag-fr","11":"tag-france","12":"tag-meurtre","13":"tag-news","14":"tag-republique-francaise"},"share_on_mastodon":{"url":"https:\/\/pubeurope.com\/@fr\/114992386113633328","error":""},"_links":{"self":[{"href":"https:\/\/www.europesays.com\/fr\/wp-json\/wp\/v2\/posts\/304734","targetHints":{"allow":["GET"]}}],"collection":[{"href":"https:\/\/www.europesays.com\/fr\/wp-json\/wp\/v2\/posts"}],"about":[{"href":"https:\/\/www.europesays.com\/fr\/wp-json\/wp\/v2\/types\/post"}],"author":[{"embeddable":true,"href":"https:\/\/www.europesays.com\/fr\/wp-json\/wp\/v2\/users\/2"}],"replies":[{"embeddable":true,"href":"https:\/\/www.europesays.com\/fr\/wp-json\/wp\/v2\/comments?post=304734"}],"version-history":[{"count":0,"href":"https:\/\/www.europesays.com\/fr\/wp-json\/wp\/v2\/posts\/304734\/revisions"}],"wp:featuredmedia":[{"embeddable":true,"href":"https:\/\/www.europesays.com\/fr\/wp-json\/wp\/v2\/media\/304735"}],"wp:attachment":[{"href":"https:\/\/www.europesays.com\/fr\/wp-json\/wp\/v2\/media?parent=304734"}],"wp:term":[{"taxonomy":"category","embeddable":true,"href":"https:\/\/www.europesays.com\/fr\/wp-json\/wp\/v2\/categories?post=304734"},{"taxonomy":"post_tag","embeddable":true,"href":"https:\/\/www.europesays.com\/fr\/wp-json\/wp\/v2\/tags?post=304734"}],"curies":[{"name":"wp","href":"https:\/\/api.w.org\/{rel}","templated":true}]}}