{"id":304736,"date":"2025-08-08T09:15:13","date_gmt":"2025-08-08T09:15:13","guid":{"rendered":"https:\/\/www.europesays.com\/fr\/304736\/"},"modified":"2025-08-08T09:15:13","modified_gmt":"2025-08-08T09:15:13","slug":"un-garcon-de-5-ans-porte-disparu-retrouve-mort-dans-un-lac-du-var","status":"publish","type":"post","link":"https:\/\/www.europesays.com\/fr\/304736\/","title":{"rendered":"Un gar\u00e7on de 5 ans port\u00e9 disparu retrouv\u00e9 mort dans un lac du Var"},"content":{"rendered":"<p>Un jeune gar\u00e7on de 5 ans a \u00e9t\u00e9 retrouv\u00e9 mort noy\u00e9 dans le lac de l&rsquo;Ar\u00e9na, \u00e0 Roquebrune-sur-Argens. Selon les informations <a href=\"https:\/\/www.francebleu.fr\/infos\/faits-divers-justice\/disparition-d-un-enfant-de-5-ans-au-lac-arena-de-roquebrune-sur-argens-9192298\" target=\"_blank\" rel=\"noopener\">d&rsquo;Ici<\/a>, il \u00e9tait en vacances <a href=\"https:\/\/www.laprovence.com\/article\/france-monde\/33958701732426\/les-intemperies-dans-le-var-font-au-moins-un-mort-et-deux-disparus\" target=\"_blank\" rel=\"noopener\">dans le Var<\/a> avec sa famille au moment du drame.<\/p>\n<p>Une enqu\u00eate ouverte<\/p>\n<p>Sa disparition a \u00e9t\u00e9 signal\u00e9e par sa m\u00e8re aux alentours de 15\u00a0heures. Un dispositif important a \u00e9t\u00e9 d\u00e9ploy\u00e9 pour retrouver l&rsquo;enfant\u00a0: drones, \u00e9quipe cynophile, plongeurs\u2026 Le corps du gar\u00e7on a \u00e9t\u00e9 retrouv\u00e9 par ces derniers, dans le lac. Selon la gendarmerie, il ne savait pas nager.<\/p>\n<p>La g\u00e9rante du lac a annonc\u00e9 qu&rsquo;il sera ferm\u00e9 toute la journ\u00e9e de ce vendredi.<\/p>\n<p>Une enqu\u00eate est ouverte et une conf\u00e9rence de presse doit se tenir dans la matin\u00e9e.<\/p>\n","protected":false},"excerpt":{"rendered":"Un jeune gar\u00e7on de 5 ans a \u00e9t\u00e9 retrouv\u00e9 mort noy\u00e9 dans le lac de l&rsquo;Ar\u00e9na, \u00e0 Roquebrune-sur-Argens.&hellip;\n","protected":false},"author":2,"featured_media":304737,"comment_status":"","ping_status":"","sticky":false,"template":"","format":"standard","meta":{"footnotes":""},"categories":[2],"tags":[17,11,1764,1446,5796,274,1011,27,35528,18,12,5396,4256],"class_list":{"0":"post-304736","1":"post","2":"type-post","3":"status-publish","4":"format-standard","5":"has-post-thumbnail","7":"category-actualites","8":"tag-17","9":"tag-actualites","10":"tag-ans","11":"tag-dans","12":"tag-disparu","13":"tag-faits-divers-justice","14":"tag-fr","15":"tag-france","16":"tag-garcon","17":"tag-mort","18":"tag-news","19":"tag-porte","20":"tag-retrouve"},"share_on_mastodon":{"url":"https:\/\/pubeurope.com\/@fr\/114992390102236162","error":""},"_links":{"self":[{"href":"https:\/\/www.europesays.com\/fr\/wp-json\/wp\/v2\/posts\/304736","targetHints":{"allow":["GET"]}}],"collection":[{"href":"https:\/\/www.europesays.com\/fr\/wp-json\/wp\/v2\/posts"}],"about":[{"href":"https:\/\/www.europesays.com\/fr\/wp-json\/wp\/v2\/types\/post"}],"author":[{"embeddable":true,"href":"https:\/\/www.europesays.com\/fr\/wp-json\/wp\/v2\/users\/2"}],"replies":[{"embeddable":true,"href":"https:\/\/www.europesays.com\/fr\/wp-json\/wp\/v2\/comments?post=304736"}],"version-history":[{"count":0,"href":"https:\/\/www.europesays.com\/fr\/wp-json\/wp\/v2\/posts\/304736\/revisions"}],"wp:featuredmedia":[{"embeddable":true,"href":"https:\/\/www.europesays.com\/fr\/wp-json\/wp\/v2\/media\/304737"}],"wp:attachment":[{"href":"https:\/\/www.europesays.com\/fr\/wp-json\/wp\/v2\/media?parent=304736"}],"wp:term":[{"taxonomy":"category","embeddable":true,"href":"https:\/\/www.europesays.com\/fr\/wp-json\/wp\/v2\/categories?post=304736"},{"taxonomy":"post_tag","embeddable":true,"href":"https:\/\/www.europesays.com\/fr\/wp-json\/wp\/v2\/tags?post=304736"}],"curies":[{"name":"wp","href":"https:\/\/api.w.org\/{rel}","templated":true}]}}