{"id":304743,"date":"2025-08-08T09:23:14","date_gmt":"2025-08-08T09:23:14","guid":{"rendered":"https:\/\/www.europesays.com\/fr\/304743\/"},"modified":"2025-08-08T09:23:14","modified_gmt":"2025-08-08T09:23:14","slug":"a-peine-arrive-brex-affiche-ses-ambitions-et-milite-pour-le-recrutement-dun-compatriote","status":"publish","type":"post","link":"https:\/\/www.europesays.com\/fr\/304743\/","title":{"rendered":"\u00e0 peine arriv\u00e9, Brex affiche ses ambitions et milite pour le recrutement d\u2019un compatriote"},"content":{"rendered":"<p>Il arrive avec une lourde t\u00e2che. Pour remplacer Leicester Fainga\u2019anuku, rentr\u00e9 en Nouvelle-Z\u00e9lande dans l\u2019optique de disputer la Coupe du monde 2027, le Rugby Club Toulonnais a d\u00e9cid\u00e9 de miser sur Juan Ignacio Brex. Le centre italien va quitter Tr\u00e9vise et son pays pour la premi\u00e8re fois, en tentant de s\u2019imposer dans le Top 14.<\/p>\n<p>Pour <a href=\"https:\/\/www.varmatin.com\/sport\/c-est-comme-un-reve-d-etre-a-toulon-l-international-italien-juan-ignacio-brex-euphorique-a-propos-de-son-arrivee-au-rct-996999\" rel=\"nofollow noopener\" target=\"_blank\">Var-Matin,<\/a> le joueur de 33 ans s\u2019est confi\u00e9 sur ce nouveau d\u00e9fi, avec un souvenir marqu\u00e9 pour la g\u00e9n\u00e9ration vainqueure de trois Coupes d\u2019Europe en 2013, 2014 et 2015.<\/p>\n<blockquote>\n<p>\u00ab Quand je regardais le rugby \u00e0 la t\u00e9l\u00e9, c\u2019\u00e9tait souvent Toulon. Les ann\u00e9es 2013, 2014, 2015\u2026 C\u2019\u00e9tait magique.\u202fJe ne pensais pas que ce r\u00eave deviendrait r\u00e9alit\u00e9. Et pourtant, me voil\u00e0 ici.\u202f\u00bb<\/p>\n<\/blockquote>\n<p>\u00ab\u00a0Je lui ai dit que je voulais qu\u2019il vienne\u00a0\u00bb assure Brex sur Menoncello<\/p>\n<p>S\u2019il devrait dans un premier temps \u00eatre associ\u00e9 \u00e0 J\u00e9r\u00e9my Sinzelle ou Tuicuvu, Brex r\u00eave de voir un compatriote le rejoindre la saison prochaine. En effet, Toulon fait partie des principaux candidats, avec Toulouse et La Rochelle, pour attirer la sensation Tommaso Menoncello. En tout cas, ils peuvent compter avec leur recrue sur un n\u00e9gociateur.<\/p>\n<blockquote>\n<p>\u00ab C\u2019est comme un petit fr\u00e8re. Je lui ai dit que je voulais qu\u2019il vienne. Ce serait un autre r\u00eave. Mais c\u2019est sa d\u00e9cision.\u202f\u00bb<\/p>\n<\/blockquote>\n<p>Partagez cette info avec vos amis et vos proches en cliquant ici<br \/>Pour r\u00e9sumer<\/p>\n<p>Juan Ignacio Brex s\u2019est confi\u00e9 \u00e0 Var-Matin sur ses premiers pas avec le Rugby Club Toulonnais. Le centre italien veut s\u2019imposer et esp\u00e8re voir un compatriote le rejoindre. Tommaso Menoncello est dans le viseur du RCT pour l&rsquo;an prochain.<\/p>\n<p> <img decoding=\"async\" width=\"76\" height=\"76\" loading=\"lazy\" src=\"https:\/\/www.europesays.com\/fr\/wp-content\/uploads\/2025\/04\/avatar-quinze.png\" alt=\"Arnaud D\u00e9chelotte\"\/><\/p>\n","protected":false},"excerpt":{"rendered":"Il arrive avec une lourde t\u00e2che. Pour remplacer Leicester Fainga\u2019anuku, rentr\u00e9 en Nouvelle-Z\u00e9lande dans l\u2019optique de disputer la&hellip;\n","protected":false},"author":2,"featured_media":304744,"comment_status":"","ping_status":"","sticky":false,"template":"","format":"standard","meta":{"footnotes":""},"categories":[9619],"tags":[1111,11,1777,674,1011,27,12,882,25,2310],"class_list":{"0":"post-304743","1":"post","2":"type-post","3":"status-publish","4":"format-standard","5":"has-post-thumbnail","7":"category-toulon","8":"tag-actu","9":"tag-actualites","10":"tag-eu","11":"tag-europe","12":"tag-fr","13":"tag-france","14":"tag-news","15":"tag-provence-alpes-cote-dazur","16":"tag-republique-francaise","17":"tag-toulon"},"share_on_mastodon":{"url":"https:\/\/pubeurope.com\/@fr\/114992421539345316","error":""},"_links":{"self":[{"href":"https:\/\/www.europesays.com\/fr\/wp-json\/wp\/v2\/posts\/304743","targetHints":{"allow":["GET"]}}],"collection":[{"href":"https:\/\/www.europesays.com\/fr\/wp-json\/wp\/v2\/posts"}],"about":[{"href":"https:\/\/www.europesays.com\/fr\/wp-json\/wp\/v2\/types\/post"}],"author":[{"embeddable":true,"href":"https:\/\/www.europesays.com\/fr\/wp-json\/wp\/v2\/users\/2"}],"replies":[{"embeddable":true,"href":"https:\/\/www.europesays.com\/fr\/wp-json\/wp\/v2\/comments?post=304743"}],"version-history":[{"count":0,"href":"https:\/\/www.europesays.com\/fr\/wp-json\/wp\/v2\/posts\/304743\/revisions"}],"wp:featuredmedia":[{"embeddable":true,"href":"https:\/\/www.europesays.com\/fr\/wp-json\/wp\/v2\/media\/304744"}],"wp:attachment":[{"href":"https:\/\/www.europesays.com\/fr\/wp-json\/wp\/v2\/media?parent=304743"}],"wp:term":[{"taxonomy":"category","embeddable":true,"href":"https:\/\/www.europesays.com\/fr\/wp-json\/wp\/v2\/categories?post=304743"},{"taxonomy":"post_tag","embeddable":true,"href":"https:\/\/www.europesays.com\/fr\/wp-json\/wp\/v2\/tags?post=304743"}],"curies":[{"name":"wp","href":"https:\/\/api.w.org\/{rel}","templated":true}]}}