{"id":304747,"date":"2025-08-08T09:25:09","date_gmt":"2025-08-08T09:25:09","guid":{"rendered":"https:\/\/www.europesays.com\/fr\/304747\/"},"modified":"2025-08-08T09:25:09","modified_gmt":"2025-08-08T09:25:09","slug":"a-montpellier-apres-leuthanasie-des-chauves-souris-la-lente-agonie-de-la-serre-amazonienne-du-zoo-liberation","status":"publish","type":"post","link":"https:\/\/www.europesays.com\/fr\/304747\/","title":{"rendered":"A Montpellier, apr\u00e8s l\u2019euthanasie des chauves-souris, la lente agonie de la \u00abserre amazonienne\u00bb du zoo \u2013 Lib\u00e9ration"},"content":{"rendered":"<p class=\"sc-ksZaOG ehjQrN text-element\">L\u2019affaire est peu banale. Apr\u00e8s <a href=\"https:\/\/www.liberation.fr\/environnement\/animaux\/au-zoo-de-montpellier-200-chauves-souris-ont-ete-euthanasiees-faute-de-place-20250730_4GVJJ5GBTRGZHN4VW3IC6X3RGY\/\" target=\"_blank\" rel=\"nofollow noopener\" title=\"https:\/\/www.liberation.fr\/environnement\/animaux\/au-zoo-de-montpellier-200-chauves-souris-ont-ete-euthanasiees-faute-de-place-20250730_4GVJJ5GBTRGZHN4VW3IC6X3RGY\/\">l\u2019euthanasie de 200 chauves-souris en f\u00e9vrier au zoo de Montpellier<\/a> (H\u00e9rault), Eddine Ariztegui, adjoint d\u00e9l\u00e9gu\u00e9 au bien-\u00eatre animal \u00e0 la Ville de Montpellier et copr\u00e9sident du Parti animaliste, a saisi le tribunal administratif pour d\u00e9noncer cette d\u00e9cision municipale prise, affirme-t-il, sans raison valable et sans son aval. Jusqu\u2019ici, cet \u00e9lu avait r\u00e9ussi \u00e0 faire entendre sa voix au sein de la majorit\u00e9 municipale et du maire PS de Montpellier, Micha\u00ebl Delafosse. Mais avec cette affaire de chauves-souris, l\u2019entente a pris du plomb dans l\u2019aile.<\/p>\n<p class=\"sc-ksZaOG ehjQrN text-element\">\u00abCe que nous avons r\u00e9alis\u00e9 \u00e0 Montpellier pour les animaux depuis cinq ans est exceptionnel, insiste l\u2019\u00e9lu. Mais je ne fermerai pas les yeux sur le scandale de ces 200 chauves-souris gaz\u00e9es, d\u2019autant que cette d\u00e9cision s\u2019inscrit en totale contradiction avec une d\u00e9lib\u00e9ration adopt\u00e9e il y a un an par notre conseil municipal, laquelle excluait l\u2019euthanasie d\u2019animaux pour des raisons non m\u00e9dicales.\u00bb L\u2019association Code animal s\u2019est jointe au recours port\u00e9 par l\u2019\u00e9lu aupr\u00e8s du tribunal administratif pour non-respect de cette d\u00e9lib\u00e9ratio<\/p>\n","protected":false},"excerpt":{"rendered":"L\u2019affaire est peu banale. Apr\u00e8s l\u2019euthanasie de 200 chauves-souris en f\u00e9vrier au zoo de Montpellier (H\u00e9rault), Eddine Ariztegui,&hellip;\n","protected":false},"author":2,"featured_media":304748,"comment_status":"","ping_status":"","sticky":false,"template":"","format":"standard","meta":{"footnotes":""},"categories":[9599],"tags":[1111,11,5253,1777,674,1011,27,2208,12,2680,25],"class_list":{"0":"post-304747","1":"post","2":"type-post","3":"status-publish","4":"format-standard","5":"has-post-thumbnail","7":"category-montpellier","8":"tag-actu","9":"tag-actualites","10":"tag-biodiversite-cest-la-sante","11":"tag-eu","12":"tag-europe","13":"tag-fr","14":"tag-france","15":"tag-montpellier","16":"tag-news","17":"tag-occitanie","18":"tag-republique-francaise"},"share_on_mastodon":{"url":"https:\/\/pubeurope.com\/@fr\/114992429336265988","error":""},"_links":{"self":[{"href":"https:\/\/www.europesays.com\/fr\/wp-json\/wp\/v2\/posts\/304747","targetHints":{"allow":["GET"]}}],"collection":[{"href":"https:\/\/www.europesays.com\/fr\/wp-json\/wp\/v2\/posts"}],"about":[{"href":"https:\/\/www.europesays.com\/fr\/wp-json\/wp\/v2\/types\/post"}],"author":[{"embeddable":true,"href":"https:\/\/www.europesays.com\/fr\/wp-json\/wp\/v2\/users\/2"}],"replies":[{"embeddable":true,"href":"https:\/\/www.europesays.com\/fr\/wp-json\/wp\/v2\/comments?post=304747"}],"version-history":[{"count":0,"href":"https:\/\/www.europesays.com\/fr\/wp-json\/wp\/v2\/posts\/304747\/revisions"}],"wp:featuredmedia":[{"embeddable":true,"href":"https:\/\/www.europesays.com\/fr\/wp-json\/wp\/v2\/media\/304748"}],"wp:attachment":[{"href":"https:\/\/www.europesays.com\/fr\/wp-json\/wp\/v2\/media?parent=304747"}],"wp:term":[{"taxonomy":"category","embeddable":true,"href":"https:\/\/www.europesays.com\/fr\/wp-json\/wp\/v2\/categories?post=304747"},{"taxonomy":"post_tag","embeddable":true,"href":"https:\/\/www.europesays.com\/fr\/wp-json\/wp\/v2\/tags?post=304747"}],"curies":[{"name":"wp","href":"https:\/\/api.w.org\/{rel}","templated":true}]}}