{"id":304749,"date":"2025-08-08T09:26:10","date_gmt":"2025-08-08T09:26:10","guid":{"rendered":"https:\/\/www.europesays.com\/fr\/304749\/"},"modified":"2025-08-08T09:26:10","modified_gmt":"2025-08-08T09:26:10","slug":"pourquoi-les-oreilles-se-bouchent-quand-un-train-passe-dans-un-tunnel-deux-lyceens-rouennais-remportent-un-prix-de-physique","status":"publish","type":"post","link":"https:\/\/www.europesays.com\/fr\/304749\/","title":{"rendered":"\u00ab\u00a0Pourquoi les oreilles se bouchent quand un train passe dans un tunnel ?\u00a0\u00bb Deux lyc\u00e9ens rouennais remportent un prix de physique"},"content":{"rendered":"<p class=\"article__intro\">Si vos oreilles se bouchent lors du passage d&rsquo;un train dans un tunnel, c&rsquo;est un ph\u00e9nom\u00e8ne scientifique que deux lyc\u00e9ens rouennais ont vulgaris\u00e9 dans une vid\u00e9o YouTube. Ils ont m\u00eame remport\u00e9 le premier prix d&rsquo;un concours de physique.<\/p>\n<p>\n      La Quotidienne Soci\u00e9t\u00e9\n    <\/p>\n<p>\n      De la vie quotidienne aux grands enjeux, recevez tous les jours les sujets qui font la soci\u00e9t\u00e9 locale, comme la justice, l\u2019\u00e9ducation, la sant\u00e9 et la famille.\n    <\/p>\n<p>    France T\u00e9l\u00e9visions utilise votre adresse e-mail afin de vous envoyer la newsletter \u00ab\u00a0La Quotidienne Soci\u00e9t\u00e9\u00a0\u00bb. Vous pouvez vous d\u00e9sinscrire \u00e0 tout moment via le lien en bas de cette newsletter. <a target=\"_blank\" href=\"https:\/\/www.francetelevisions.fr\/groupe\/confidentialite\/politique-de-confidentialite\/politique-de-confidentialite-de-france-televisions-6503\" rel=\"nofollow noopener\">Notre politique de confidentialit\u00e9<\/a><\/p>\n<p>Ils sont des petits g\u00e9nies de la physique&#8230;\u00a0Eliott Collet et Ulysse Devalland, deux lyc\u00e9ens dipl\u00f4m\u00e9s du lyc\u00e9e Blaise-Pascal, \u00e0 Rouen, viennent de remporter la premi\u00e8re \u00e9dition du concours \u00ab\u00a02 minutes de physique\u00a0\u00bb. C\u2019est leur vid\u00e9o qui a obtenu le premier prix parmi les 45 projets pr\u00e9sents.<\/p>\n<\/p>\n<p>Organis\u00e9 dans le cadre de la 55e \u00e9dition des Olympiades internationales de physique, ce concours a eu lieu entre le 17 au 25 juillet 2025 \u00e0 l\u2019\u00c9cole polytechnique de Paris.<\/p>\n<p>Des lyc\u00e9ens volontaires, venus de toute la France, ont soumis \u00e0 un jury de physiciens des vid\u00e9os de vulgarisation scientifique. C&rsquo;est celle d&rsquo;Eliott et Ulysse qui a su convaincre le jury. Elle traitait de la question suivante : \u00ab\u00a0Pourquoi les oreilles se bouchent-elles quand un train passe sous un tunnel\u00a0?\u00a0\u00bb.<\/p>\n<p>Apr\u00e8s avoir d\u00e9couvert ce concours sur le site du Minist\u00e8re de l&rsquo;\u00c9ducation, les deux gar\u00e7ons ont d\u00e9cid\u00e9 de se lancer dans l&rsquo;aventure. En un mois, en parall\u00e8le de leur pr\u00e9paration aux \u00e9preuves du baccalaur\u00e9at, ils ont \u00e9crit le s\u00e9quencier, tourn\u00e9 et mont\u00e9 les diff\u00e9rentes \u00e9tapes de leur vid\u00e9o. Ils se sont inspir\u00e9s de l&rsquo;\u00e9mission \u00ab\u00a0C&rsquo;est pas sorcier\u00a0\u00bb de Jamy Gourmaud. \u00ab\u00a0\u00c7a me ferait tr\u00e8s plaisir de le rencontrer\u00a0\u00bb confie Eliott.<\/p>\n<p>\u00ab\u00a0On ne pouvait pas imaginer \u00e7a\u00a0\u00bb raconte Eliott, honor\u00e9 d&rsquo;avoir pu concourir aux c\u00f4t\u00e9s d&rsquo;autres jeunes scientifiques venus de toute la France. Une victoire c\u00e9l\u00e9br\u00e9e \u00e0 la cit\u00e9 des sciences de Paris, en compagnie de scientifiques renomm\u00e9s comme le prix Nobel de physique, Serge Haroche.<\/p>\n<p>Ulysse en a m\u00eame fait son sujet de grand oral pour le baccalaur\u00e9at. Il a d&rsquo;ailleurs obtenu 18,03 de moyenne g\u00e9n\u00e9rale au bac, tandis qu&rsquo;Eliott s&rsquo;en tire avec 16,95 de moyenne. Ces deux mordus de physique vont naturellement continuer dans cette voie. Pour Ulysse, la rentr\u00e9e scolaire se d\u00e9roulera \u00e0 l&rsquo;INSA de Rouen et pour Eliott, la suite se fera en classe pr\u00e9paratoire scientifique MP2I.<\/p>\n<blockquote class=\"ftvi_content_quote\">\n<p class=\"ftvi_citation_quote\">J&rsquo;ai \u00e9t\u00e9 berc\u00e9 toute mon enfance par l&rsquo;\u00e9mission \u00ab\u00a0C&rsquo;est Pas Sorcier\u00a0\u00bb de Jamy<\/p>\n<\/blockquote>\n<p>Eliott Collet nous a racont\u00e9 ses meilleures astuces pour limiter cet effet de coup de pression sur le tympan. En voici quelques-unes ci-dessous :<\/p>\n<ul>\n<li>Se pincer le nez<\/li>\n<li>Boire un verre d&rsquo;eau<\/li>\n<li>Bailler<\/li>\n<li>M\u00e2cher un chewing-gum<\/li>\n<\/ul>\n","protected":false},"excerpt":{"rendered":"Si vos oreilles se bouchent lors du passage d&rsquo;un train dans un tunnel, c&rsquo;est un ph\u00e9nom\u00e8ne scientifique que&hellip;\n","protected":false},"author":2,"featured_media":304750,"comment_status":"","ping_status":"","sticky":false,"template":"","format":"standard","meta":{"footnotes":""},"categories":[9587],"tags":[1111,11,1777,674,1011,27,12,5161,25,9590],"class_list":{"0":"post-304749","1":"post","2":"type-post","3":"status-publish","4":"format-standard","5":"has-post-thumbnail","7":"category-rouen","8":"tag-actu","9":"tag-actualites","10":"tag-eu","11":"tag-europe","12":"tag-fr","13":"tag-france","14":"tag-news","15":"tag-normandie","16":"tag-republique-francaise","17":"tag-rouen"},"share_on_mastodon":{"url":"https:\/\/pubeurope.com\/@fr\/114992433308580780","error":""},"_links":{"self":[{"href":"https:\/\/www.europesays.com\/fr\/wp-json\/wp\/v2\/posts\/304749","targetHints":{"allow":["GET"]}}],"collection":[{"href":"https:\/\/www.europesays.com\/fr\/wp-json\/wp\/v2\/posts"}],"about":[{"href":"https:\/\/www.europesays.com\/fr\/wp-json\/wp\/v2\/types\/post"}],"author":[{"embeddable":true,"href":"https:\/\/www.europesays.com\/fr\/wp-json\/wp\/v2\/users\/2"}],"replies":[{"embeddable":true,"href":"https:\/\/www.europesays.com\/fr\/wp-json\/wp\/v2\/comments?post=304749"}],"version-history":[{"count":0,"href":"https:\/\/www.europesays.com\/fr\/wp-json\/wp\/v2\/posts\/304749\/revisions"}],"wp:featuredmedia":[{"embeddable":true,"href":"https:\/\/www.europesays.com\/fr\/wp-json\/wp\/v2\/media\/304750"}],"wp:attachment":[{"href":"https:\/\/www.europesays.com\/fr\/wp-json\/wp\/v2\/media?parent=304749"}],"wp:term":[{"taxonomy":"category","embeddable":true,"href":"https:\/\/www.europesays.com\/fr\/wp-json\/wp\/v2\/categories?post=304749"},{"taxonomy":"post_tag","embeddable":true,"href":"https:\/\/www.europesays.com\/fr\/wp-json\/wp\/v2\/tags?post=304749"}],"curies":[{"name":"wp","href":"https:\/\/api.w.org\/{rel}","templated":true}]}}