{"id":304756,"date":"2025-08-08T09:32:09","date_gmt":"2025-08-08T09:32:09","guid":{"rendered":"https:\/\/www.europesays.com\/fr\/304756\/"},"modified":"2025-08-08T09:32:09","modified_gmt":"2025-08-08T09:32:09","slug":"son-spectacle-naura-pas-lieu-a-rennes-la-prefecture-linterdit-formellement","status":"publish","type":"post","link":"https:\/\/www.europesays.com\/fr\/304756\/","title":{"rendered":"son spectacle n&rsquo;aura pas lieu \u00e0 Rennes, la pr\u00e9fecture l&rsquo;interdit formellement"},"content":{"rendered":"<p>            Par<br \/>\n        <strong><br \/>\n            <a href=\"https:\/\/actu.fr\/auteur\/laurene-fertin\" title=\"Consulter tous les articles de Laur\u00e8ne Fertin\" target=\"_blank\" rel=\"noopener\">Laur\u00e8ne Fertin<\/a><br \/>\n        <\/strong><\/p>\n<p>        Publi\u00e9 le<\/p>\n<p>            8 ao\u00fbt 2025 \u00e0 10h46        <\/p>\n<p><strong>Le spectacle,<\/strong> intitul\u00e9 Istanbul, devait se d\u00e9rouler <strong>ce vendredi 8\u00a0ao\u00fbt 2025<\/strong> dans un lieu tenu secret et \u00ab\u2009dans un rayon de 30 km autour de Rennes\u2009\u00bb, indique le site de l\u2019humoriste Dieudonn\u00e9, <a href=\"https:\/\/dieudosphere.com\/billetterie\/u\/2012-nouveau-et-dernier-spectacle-intitule-istanbul-rennes-2025\" target=\"_blank\" rel=\"noopener\">dieudosphere.com<\/a>. Il n\u2019en sera rien puisque<strong> la pr\u00e9fecture<\/strong> de Bretagne et d\u2019Ille-et-Vilaine a d\u00e9cid\u00e9, par voie d\u2019arr\u00eat\u00e9 publi\u00e9 le 6\u00a0ao\u00fbt, <strong>d\u2019interdire<\/strong> la repr\u00e9sentation de l\u2019auteur aux nombreuses condamnations.<\/p>\n<p>\u00ab\u2009Prendre les mesures n\u00e9cessaires\u2009\u00bb<\/p>\n<p class=\" wall-content\">Dans le document, il est en effet expliqu\u00e9 qu\u2019il convient \u00e0 l\u2019autorit\u00e9 pr\u00e9fectorale de \u00ab\u00a0prendre les mesures n\u00e9cessaires, adapt\u00e9es et proportionn\u00e9es pour <strong>pr\u00e9venir une atteinte \u00e0 l\u2019ordre public<\/strong>, dont <strong>le respect de la dignit\u00e9 de la personne humaine<\/strong> en est une composante\u00a0\u00bb.<\/p>\n<p class=\" wall-content\">L\u2019arr\u00eat\u00e9 pr\u00e9cise que l\u2019humoriste tient plusieurs condamnations p\u00e9nales pour <strong>des propos \u00e0 caract\u00e8re antis\u00e9mites<\/strong>, <strong>incitant \u00e0 la haine raciale<\/strong>. Il rappelle, en outre, que son pr\u00e9c\u00e9dent spectacle nomm\u00e9 Vendredi\u00a013 contient \u00ab\u2009de mani\u00e8re r\u00e9currente\u2009\u00bb, \u00ab\u2009de nombreux propos outrageants, haineux, <strong>conspirationnistes, homophobes, transphobes et antis\u00e9mites<\/strong>\u2009\u00bb.<\/p>\n<p class=\" wall-content\">La pr\u00e9fecture estime \u00e9galement que le spectacle est organis\u00e9 <strong>\u00ab\u2009dans la plus grande discr\u00e9tion\u2009\u00bb<\/strong> afin \u00ab\u2009d\u2019\u00e9chapper \u00e0 la surveillance et au contr\u00f4le des autorit\u00e9s de police\u2009\u00bb.<\/p>\n<p>Condamn\u00e9 pour recel d&rsquo;escroquerie<\/p>\n<p>Selon nos coll\u00e8gues du Journal de Vitr\u00e9, jeudi 14 novembre 2024, le parquet g\u00e9n\u00e9ral de la cour d\u2019appel de Rennes avait requis six mois de prison ferme \u00e0 l\u2019encontre de l\u2019humoriste Dieudonn\u00e9 pour \u00ab recel d\u2019escroquerie \u00bb apr\u00e8s avoir lou\u00e9 le ch\u00e2teau de Pir\u00e9-Chanc\u00e9 (Ille-et-Vilaine) pour un spectacle sans s\u2019annoncer, le 25 f\u00e9vrier 2023. La repr\u00e9sentation avait rassembl\u00e9 184 fans. Le tribunal l&rsquo;avait finalement condamn\u00e9 \u00e0 r\u00e9gler 8 000 euros d&rsquo;amende.<\/p>\n<p>\u00ab\u2009Trois interdictions en 24h\u2009\u00bb<\/p>\n<p class=\" wall-content\">Dieudonn\u00e9 Mbala Mbala n\u2019a pas tard\u00e9 \u00e0 r\u00e9agir sur son compte X (ex-Twitter) \u00e0 propos de ce nouvel arr\u00eat\u00e9\u2009:<\/p>\n<blockquote class=\"ac-article-quote wall-content\">\n<p>Et de 3 arr\u00eat\u00e9s en 24heures mon nouveau record! Je sens qu\u2019on va bien se marrer ce week-end, je vais mobiliser \u00e0 moi seul la moiti\u00e9 des effectifs de police et gendarmerie, les narcotraficants vont m\u2019adorer, week-end open bar. <\/p>\n<p>    <strong>Dieudonn\u00e9 <\/strong><br \/>\n        Sur X    <\/p><\/blockquote>\n<p class=\" wall-content\"><a href=\"https:\/\/actu.fr\/bretagne\/lorient_56121\/bretagne-une-prefecture-interdit-le-spectacle-de-dieudonne-avec-francis-lalanne-en-premiere-partie_63007934.html\" target=\"_blank\" rel=\"noopener\">Dieudonn\u00e9 s\u2019est \u00e9galement fait <strong>\u00e9vincer<\/strong> par la pr\u00e9fecture du Morbihan<\/a> et du Finist\u00e8re, pour la tenue de son spectacle le 9\u00a0ao\u00fbt \u00e0 Lorient.<\/p>\n<p>\u00ab\u2009Un spectacle de substitution\u2009\u00bb<\/p>\n<p class=\" wall-content\">Mais l\u2019humoriste de 59\u00a0ans ne compte pas s\u2019arr\u00eater l\u00e0\u2009: sur la page de <a href=\"https:\/\/dieudosphere.com\/billetterie\/u\/2012-nouveau-et-dernier-spectacle-intitule-istanbul-rennes-2025\" target=\"_blank\" rel=\"noopener\">son site officiel<\/a>, relayant la billetterie de son spectacle au tarif plein de 34,90 euros, ce dernier avait anticip\u00e9 la d\u00e9cision de la pr\u00e9fecture.<\/p>\n<p class=\" wall-content\">Il pr\u00e9voit en effet un \u00ab\u2009spectacle de substitution\u2009\u00bb intitul\u00e9 N\u00e8g Doubout, interpr\u00e9t\u00e9 par l\u2019artiste antillais <strong>Sidaty<\/strong> et mis en sc\u00e8ne par Dieudonn\u00e9 lui-m\u00eame. \u00ab\u2009Attention, places limit\u00e9es\u2009\u00bb, est-il indiqu\u00e9.<\/p>\n<p class=\" wall-content\">Sidaty, de son vrai nom <strong>Cheikh Siday L\u00f4<\/strong>, a \u00e9t\u00e9 <strong>condamn\u00e9<\/strong> par la Justice pour incitation \u00e0 la haine. Il est par ailleurs membre de la branche fran\u00e7aise de l\u2019organisation politico-religieuse \u00ab\u2009Nation of islam\u2009\u00bb, \u00ab\u2009clairement hostile \u00e0 la communaut\u00e9 juive\u2009\u00bb, rappelle la pr\u00e9fecture de Bretagne dans son arr\u00eat\u00e9.<\/p>\n<p class=\" wall-content\">Suivez toute l\u2019actualit\u00e9 de vos villes et m\u00e9dias favoris en vous inscrivant \u00e0 <a href=\"https:\/\/moncompte.actu.fr\" title=\"D\u00e9couvez Mon Actu\" rel=\"nofollow noopener\" data-trk=\"{&quot;cta&quot;:{&quot;action&quot;:&quot;https:\\\/\\\/moncompte.actu.fr&quot;,&quot;category&quot;:&quot;mon compte&quot;,&quot;from&quot;:&quot;article footer&quot;,&quot;name&quot;:&quot;Mon actu&quot;,&quot;type&quot;:&quot;cta&quot;}}\" target=\"_blank\">Mon Actu<\/a>.<\/p>\n","protected":false},"excerpt":{"rendered":"Par Laur\u00e8ne Fertin Publi\u00e9 le 8 ao\u00fbt 2025 \u00e0 10h46 Le spectacle, intitul\u00e9 Istanbul, devait se d\u00e9rouler ce&hellip;\n","protected":false},"author":2,"featured_media":304757,"comment_status":"","ping_status":"","sticky":false,"template":"","format":"standard","meta":{"footnotes":""},"categories":[2821],"tags":[1111,11,829,1777,674,1011,27,303,1652,12,584,25,853],"class_list":{"0":"post-304756","1":"post","2":"type-post","3":"status-publish","4":"format-standard","5":"has-post-thumbnail","7":"category-rennes","8":"tag-actu","9":"tag-actualites","10":"tag-bretagne","11":"tag-eu","12":"tag-europe","13":"tag-fr","14":"tag-france","15":"tag-justice","16":"tag-loisirs-culture","17":"tag-news","18":"tag-rennes","19":"tag-republique-francaise","20":"tag-spectacles"},"share_on_mastodon":{"url":"https:\/\/pubeurope.com\/@fr\/114992456832544055","error":""},"_links":{"self":[{"href":"https:\/\/www.europesays.com\/fr\/wp-json\/wp\/v2\/posts\/304756","targetHints":{"allow":["GET"]}}],"collection":[{"href":"https:\/\/www.europesays.com\/fr\/wp-json\/wp\/v2\/posts"}],"about":[{"href":"https:\/\/www.europesays.com\/fr\/wp-json\/wp\/v2\/types\/post"}],"author":[{"embeddable":true,"href":"https:\/\/www.europesays.com\/fr\/wp-json\/wp\/v2\/users\/2"}],"replies":[{"embeddable":true,"href":"https:\/\/www.europesays.com\/fr\/wp-json\/wp\/v2\/comments?post=304756"}],"version-history":[{"count":0,"href":"https:\/\/www.europesays.com\/fr\/wp-json\/wp\/v2\/posts\/304756\/revisions"}],"wp:featuredmedia":[{"embeddable":true,"href":"https:\/\/www.europesays.com\/fr\/wp-json\/wp\/v2\/media\/304757"}],"wp:attachment":[{"href":"https:\/\/www.europesays.com\/fr\/wp-json\/wp\/v2\/media?parent=304756"}],"wp:term":[{"taxonomy":"category","embeddable":true,"href":"https:\/\/www.europesays.com\/fr\/wp-json\/wp\/v2\/categories?post=304756"},{"taxonomy":"post_tag","embeddable":true,"href":"https:\/\/www.europesays.com\/fr\/wp-json\/wp\/v2\/tags?post=304756"}],"curies":[{"name":"wp","href":"https:\/\/api.w.org\/{rel}","templated":true}]}}