{"id":304758,"date":"2025-08-08T09:34:16","date_gmt":"2025-08-08T09:34:16","guid":{"rendered":"https:\/\/www.europesays.com\/fr\/304758\/"},"modified":"2025-08-08T09:34:16","modified_gmt":"2025-08-08T09:34:16","slug":"vikingur-reykjavik-ou-brondby-le-futur-adversaire-de-strasbourg-se-precise-apres-laller-ligue-conference-strasbourg","status":"publish","type":"post","link":"https:\/\/www.europesays.com\/fr\/304758\/","title":{"rendered":"Vikingur Reykjavik ou Br\u00f8ndby : le futur adversaire de Strasbourg se pr\u00e9cise apr\u00e8s l&rsquo;aller &#8211; Ligue Conf\u00e9rence &#8211; Strasbourg"},"content":{"rendered":"<p>Br\u00f8ndby de combat.<\/p>\n<p>Alors que les Strasbourgeois attendent patiemment leur entr\u00e9e en lice en Ligue Conf\u00e9rence, les deux probables adversaires des Alsaciens se rencontraient, ce jeudi soir.<strong> Une rencontre 100 % nordique entre le Vikingur Reykjavik et Br\u00f8ndby au milieu d\u2019un froid de canard (8 degr\u00e9s)<\/strong>. <a target=\"_blank\" href=\"https:\/\/www.sofoot.com\/breves\/gylfi-sigurdsson-pret-a-reprendre-du-service-apres-deux-ans-dabsence\" rel=\"nofollow noopener\">Men\u00e9s par un Gylfi Sigur\u00f0sson auteur de deux passes d\u00e9cisives<\/a>, les Islandais ont refroidi les Danois de Daniel Wass en s\u2019imposant 3-0. Une avance plus que confortable \u00e0 quelques jours du match retour qui se d\u00e9roulera le 14 ao\u00fbt.<\/p>\n<p>Des anciens de Ligue 1 pour inverser la tendance<\/p>\n<p>Plus le choix pour les Danois, <strong>il faudra sortir une performance XXL \u00e0 la maison<\/strong> pour esp\u00e9rer d\u00e9couvrir la choucroute et BlueCo. Rempla\u00e7ant lors du match aller, <a target=\"_blank\" href=\"https:\/\/www.sofoot.com\/breves\/mercato-lancien-lensois-et-toulousain-stijn-spierings-rejoint-brondby\" rel=\"nofollow noopener\">Stijn Spierings pourrait son retour dans le onze de d\u00e9part<\/a> afin de combler ces trois buts de retard. Ou il faudra\u00a0tout simplement <strong>attendre un coup-franc de Daniel Wass<\/strong>, qui savait si bien nettoyer les lucarnes du c\u00f4t\u00e9 d\u2019Evian Thonon-Gaillard\u2026<\/p>\n<p>Bonne ann\u00e9e 2012 !<\/p>\n<p>\t\t\t\t\t\t\t\t\t\t<a class=\"lien-connexe\" href=\"https:\/\/www.sofoot.com\/breves\/un-voyage-dans-le-grand-nord-pour-strasbourg-en-barrages-de-ligue-conference\" rel=\"nofollow noopener\" target=\"_blank\">Un voyage dans le Grand Nord pour Strasbourg en barrages de Ligue Conf\u00e9rence<\/a>\t\t\t\t\t<\/p>\n","protected":false},"excerpt":{"rendered":"Br\u00f8ndby de combat. Alors que les Strasbourgeois attendent patiemment leur entr\u00e9e en lice en Ligue Conf\u00e9rence, les deux&hellip;\n","protected":false},"author":2,"featured_media":304759,"comment_status":"","ping_status":"","sticky":false,"template":"","format":"standard","meta":{"footnotes":""},"categories":[2820],"tags":[1111,47,11,61,69,65,64,1777,674,63,1011,27,775,68,66,12,62,70,25,67,640],"class_list":{"0":"post-304758","1":"post","2":"type-post","3":"status-publish","4":"format-standard","5":"has-post-thumbnail","7":"category-strasbourg","8":"tag-actu","9":"tag-actualite","10":"tag-actualites","11":"tag-actus-football","12":"tag-bundesliga","13":"tag-championnats-europeens","14":"tag-equipe-de-france","15":"tag-eu","16":"tag-europe","17":"tag-football","18":"tag-fr","19":"tag-france","20":"tag-grand-est","21":"tag-ligua","22":"tag-ligue-1","23":"tag-news","24":"tag-news-foot","25":"tag-premier-league","26":"tag-republique-francaise","27":"tag-serie-a","28":"tag-strasbourg"},"share_on_mastodon":{"url":"https:\/\/pubeurope.com\/@fr\/114992465063446754","error":""},"_links":{"self":[{"href":"https:\/\/www.europesays.com\/fr\/wp-json\/wp\/v2\/posts\/304758","targetHints":{"allow":["GET"]}}],"collection":[{"href":"https:\/\/www.europesays.com\/fr\/wp-json\/wp\/v2\/posts"}],"about":[{"href":"https:\/\/www.europesays.com\/fr\/wp-json\/wp\/v2\/types\/post"}],"author":[{"embeddable":true,"href":"https:\/\/www.europesays.com\/fr\/wp-json\/wp\/v2\/users\/2"}],"replies":[{"embeddable":true,"href":"https:\/\/www.europesays.com\/fr\/wp-json\/wp\/v2\/comments?post=304758"}],"version-history":[{"count":0,"href":"https:\/\/www.europesays.com\/fr\/wp-json\/wp\/v2\/posts\/304758\/revisions"}],"wp:featuredmedia":[{"embeddable":true,"href":"https:\/\/www.europesays.com\/fr\/wp-json\/wp\/v2\/media\/304759"}],"wp:attachment":[{"href":"https:\/\/www.europesays.com\/fr\/wp-json\/wp\/v2\/media?parent=304758"}],"wp:term":[{"taxonomy":"category","embeddable":true,"href":"https:\/\/www.europesays.com\/fr\/wp-json\/wp\/v2\/categories?post=304758"},{"taxonomy":"post_tag","embeddable":true,"href":"https:\/\/www.europesays.com\/fr\/wp-json\/wp\/v2\/tags?post=304758"}],"curies":[{"name":"wp","href":"https:\/\/api.w.org\/{rel}","templated":true}]}}