{"id":304762,"date":"2025-08-08T09:36:13","date_gmt":"2025-08-08T09:36:13","guid":{"rendered":"https:\/\/www.europesays.com\/fr\/304762\/"},"modified":"2025-08-08T09:36:13","modified_gmt":"2025-08-08T09:36:13","slug":"nice-ce-restaurant-de-tacos-qui-cartonne-en-france-vient-douvrir-en-centre-ville","status":"publish","type":"post","link":"https:\/\/www.europesays.com\/fr\/304762\/","title":{"rendered":"Nice. Ce restaurant de tacos qui cartonne en France vient d&rsquo;ouvrir en centre-ville"},"content":{"rendered":"<p>            Par<br \/>\n        <strong><br \/>\n            <a href=\"https:\/\/actu.fr\/auteur\/ugo-maillard\" title=\"Consulter tous les articles de Ugo Maillard\" rel=\"nofollow noopener\" target=\"_blank\">Ugo Maillard<\/a><br \/>\n        <\/strong><\/p>\n<p>        Publi\u00e9 le<\/p>\n<p>            8 ao\u00fbt 2025 \u00e0 11h32        <\/p>\n<p>Une arriv\u00e9e qui devrait ravir les amateurs de fast-food. En cette semaine du 4\u00a0ao\u00fbt 2025, la franchise sp\u00e9cialis\u00e9e <strong>Chamas Tacos<\/strong> a ouvert son premier \u00e9tablissement \u00e0 <a href=\"https:\/\/actu.fr\/nice\/\" rel=\"nofollow noopener\" target=\"_blank\">Nice<\/a>. Le restaurant ouvert sept jours sur sept de 11h \u00e0 00\u2009h\u200930 se situe au 6 de la descente Crotti, dans le Vieux-Nice.<\/p>\n<p>    <a href=\"https:\/\/www.google.com\/maps\/embed?pb=!1m18!1m12!1m3!1d2884.637955267436!2d7.271549174667691!3d43.69728964958043!2m3!1f0!2f0!3f0!3m2!1i1024!2i768!4f13.1!3m3!1m2!1s0x12cddbb697113423%3A0xd01fd286353a41da!2sChamas%20Tacos%C2%AE%20Nice!5e0!3m2!1sfr!2sfr!4v1754580686282!5m2!1sfr!2sfr\" title=\"Ouvrie le lien\" rel=\"nofollow noopener\" target=\"_blank\">Cliquez ici pour visualiser le contenu<\/a><\/p>\n<p class=\" wall-content\">N\u00e9e \u00e0 Valence (Dr\u00f4me) en 2014, la franchise de tacos s\u2019est d\u00e9velopp\u00e9e partout en France et compte d\u00e9sormais plus de <strong>100 restaurants dans l\u2019Hexagone<\/strong>.<\/p>\n<p class=\" wall-content\">\u00c0 noter qu\u2019il s\u2019agit du deuxi\u00e8me restaurant Chamas Tacos dans les <a href=\"https:\/\/actu.fr\/provence-alpes-cote-d-azur\/alpes-maritimes_06\" rel=\"nofollow noopener\" target=\"_blank\">Alpes-Maritimes<\/a>, puisqu\u2019un point de vente existe au\u00a0Cannet, pr\u00e8s de Cannes.<\/p>\n<p>70 places assises<\/p>\n<p class=\" wall-content\">Les tacos, ces galettes fourr\u00e9es de viandes, frites, sauces et fromages, a su conqu\u00e9rir les papilles des Fran\u00e7ais, en particulier des jeunes.<\/p>\n<p class=\" wall-content\">L\u2019arriv\u00e9e de Chamas Tacos n\u2019est pas un hasard et les attentes sont pr\u00e9sentes. Hamza, animateur du r\u00e9seau de franchis\u00e9, indique \u00e0 actu Nice, que les \u00e9quipes ont d\u2019ores et d\u00e9j\u00e0 accueilli de nombreux clients malgr\u00e9 la p\u00e9riode estivale.<\/p>\n<p>    <img   decoding=\"async\" loading=\"lazy\" src=\"https:\/\/www.europesays.com\/fr\/wp-content\/uploads\/2025\/08\/design-sans-titre-2025-08-07t174212806-960x640.png\" alt=\"Le restaurant a d\u00e9j\u00e0 accueilli des dizaines de clients.\" width=\"960\" height=\"640\"\/><br \/>\n    Le restaurant a d\u00e9j\u00e0 accueilli des dizaines de clients. (\u00a9Document remis \u00e0 actu Nice)<\/p>\n<p class=\" wall-content\">\u00ab\u2009Nous avons un restaurant de 70 places assises et nous proposons les commandes via Uber Eats et d\u2019ici \u00e0 deux semaines sur Deliveroo\u2009\u00bb, informe Hamza.<\/p>\n<p class=\" wall-content\">Pour ce qui est de la carte, les amateurs de tacos pourront profiter de<strong> tous les produits de l\u2019enseigne<\/strong> avec les box tacos, les tacos gratin\u00e9s \u00e0 composer ou encore les bols.<\/p>\n<p class=\" wall-content\">\u00c0 titre d\u2019information, le restaurant propose des viandes halal et offre des options v\u00e9g\u00e9tariennes.<\/p>\n<p class=\" wall-content\">Suivez toute l\u2019actualit\u00e9 de vos villes et m\u00e9dias favoris en vous inscrivant \u00e0 <a href=\"https:\/\/moncompte.actu.fr\" title=\"D\u00e9couvez Mon Actu\" rel=\"nofollow noopener\" data-trk=\"{&quot;cta&quot;:{&quot;action&quot;:&quot;https:\\\/\\\/moncompte.actu.fr&quot;,&quot;category&quot;:&quot;mon compte&quot;,&quot;from&quot;:&quot;article footer&quot;,&quot;name&quot;:&quot;Mon actu&quot;,&quot;type&quot;:&quot;cta&quot;}}\" target=\"_blank\">Mon Actu<\/a>.<\/p>\n","protected":false},"excerpt":{"rendered":"Par Ugo Maillard Publi\u00e9 le 8 ao\u00fbt 2025 \u00e0 11h32 Une arriv\u00e9e qui devrait ravir les amateurs de&hellip;\n","protected":false},"author":2,"featured_media":304763,"comment_status":"","ping_status":"","sticky":false,"template":"","format":"standard","meta":{"footnotes":""},"categories":[2819],"tags":[1111,11,1777,674,1011,27,1305,12,2401,882,25,1340],"class_list":{"0":"post-304762","1":"post","2":"type-post","3":"status-publish","4":"format-standard","5":"has-post-thumbnail","7":"category-nice","8":"tag-actu","9":"tag-actualites","10":"tag-eu","11":"tag-europe","12":"tag-fr","13":"tag-france","14":"tag-lifestyle","15":"tag-news","16":"tag-nice","17":"tag-provence-alpes-cote-dazur","18":"tag-republique-francaise","19":"tag-restaurant"},"share_on_mastodon":{"url":"https:\/\/pubeurope.com\/@fr\/114992472702109537","error":""},"_links":{"self":[{"href":"https:\/\/www.europesays.com\/fr\/wp-json\/wp\/v2\/posts\/304762","targetHints":{"allow":["GET"]}}],"collection":[{"href":"https:\/\/www.europesays.com\/fr\/wp-json\/wp\/v2\/posts"}],"about":[{"href":"https:\/\/www.europesays.com\/fr\/wp-json\/wp\/v2\/types\/post"}],"author":[{"embeddable":true,"href":"https:\/\/www.europesays.com\/fr\/wp-json\/wp\/v2\/users\/2"}],"replies":[{"embeddable":true,"href":"https:\/\/www.europesays.com\/fr\/wp-json\/wp\/v2\/comments?post=304762"}],"version-history":[{"count":0,"href":"https:\/\/www.europesays.com\/fr\/wp-json\/wp\/v2\/posts\/304762\/revisions"}],"wp:featuredmedia":[{"embeddable":true,"href":"https:\/\/www.europesays.com\/fr\/wp-json\/wp\/v2\/media\/304763"}],"wp:attachment":[{"href":"https:\/\/www.europesays.com\/fr\/wp-json\/wp\/v2\/media?parent=304762"}],"wp:term":[{"taxonomy":"category","embeddable":true,"href":"https:\/\/www.europesays.com\/fr\/wp-json\/wp\/v2\/categories?post=304762"},{"taxonomy":"post_tag","embeddable":true,"href":"https:\/\/www.europesays.com\/fr\/wp-json\/wp\/v2\/tags?post=304762"}],"curies":[{"name":"wp","href":"https:\/\/api.w.org\/{rel}","templated":true}]}}