{"id":304764,"date":"2025-08-08T09:37:16","date_gmt":"2025-08-08T09:37:16","guid":{"rendered":"https:\/\/www.europesays.com\/fr\/304764\/"},"modified":"2025-08-08T09:37:16","modified_gmt":"2025-08-08T09:37:16","slug":"ce-quil-faut-savoir-pour-le-15-aout","status":"publish","type":"post","link":"https:\/\/www.europesays.com\/fr\/304764\/","title":{"rendered":"ce qu&rsquo;il faut savoir pour le 15 ao\u00fbt"},"content":{"rendered":"<p>            Par<br \/>\n        <strong><br \/>\n            <a href=\"https:\/\/actu.fr\/auteur\/laure-gentil\" title=\"Consulter tous les articles de Laure Gentil\" target=\"_blank\" rel=\"noopener\">Laure Gentil<\/a><br \/>\n        <\/strong><\/p>\n<p>        Publi\u00e9 le<\/p>\n<p>            8 ao\u00fbt 2025 \u00e0 10h22        <\/p>\n<p>Le vendredi 15\u00a0ao\u00fbt est un jour f\u00e9ri\u00e9 et comme tous les jours f\u00e9ri\u00e9s, il faut s\u2019attendre \u00e0 des <strong>perturbations<\/strong>\u00a0dans la collecte des d\u00e9chets. \u00c0\u00a0<a href=\"https:\/\/actu.fr\/pays-de-la-loire\/nantes_44109\/feu-d-artifice-bals-animations-ce-qui-est-prevu-pour-le-14-juillet-a-nantes_62849444.html\" target=\"_blank\" rel=\"noopener\">Nantes<\/a>, les\u00a0<strong>d\u00e9chetteries<\/strong>\u00a0seront ferm\u00e9es et un\u00a0<strong>rattrapage de collecte<\/strong>\u00a0organis\u00e9. Explications.<\/p>\n<p>La collecte d\u00e9cal\u00e9e<\/p>\n<p class=\" wall-content\">Le 15\u00a0ao\u00fbt \u00e9tant f\u00e9ri\u00e9 la collecte des d\u00e9chets est <strong>d\u00e9cal\u00e9e<\/strong> c\u2019est-\u00e0-dire que si vous \u00eates habituellement collect\u00e9 le lundi, vous serez collect\u00e9 le mardi.<\/p>\n<p class=\" wall-content\">Si vous \u00eates habituellement collect\u00e9 le mardi, vous serez collect\u00e9 le mercredi et ainsi de suite.<\/p>\n<p>Que faire de mes encombrants\u2009?<\/p>\n<p class=\" wall-content wall-content\">Pas de panique pour ceux qui doivent aller \u00e0 la d\u00e9chetterie pour se d\u00e9barrasser d\u2019encombrants, des solutions existent.<\/p>\n<p class=\" wall-content wall-content\">Nantes M\u00e9tropole proc\u00e8de\u00a0<strong>gratuitement<\/strong> \u00e0 l\u2019enl\u00e8vement des encombrants des particuliers <strong>sur rendez-vous<\/strong>.\u00a0<a href=\"https:\/\/formulaires.eservices-metropole.nantes.fr\/dechets-poubelles\/demander-enlevement-encombrants\/\" target=\"_blank\" rel=\"noopener\">Il suffit de cliquer ici.<\/a><\/p>\n<p class=\" wall-content\">Suivez toute l\u2019actualit\u00e9 de vos villes et m\u00e9dias favoris en vous inscrivant \u00e0 <a href=\"https:\/\/moncompte.actu.fr\" title=\"D\u00e9couvez Mon Actu\" rel=\"nofollow noopener\" data-trk=\"{&quot;cta&quot;:{&quot;action&quot;:&quot;https:\\\/\\\/moncompte.actu.fr&quot;,&quot;category&quot;:&quot;mon compte&quot;,&quot;from&quot;:&quot;article footer&quot;,&quot;name&quot;:&quot;Mon actu&quot;,&quot;type&quot;:&quot;cta&quot;}}\" target=\"_blank\">Mon Actu<\/a>.<\/p>\n","protected":false},"excerpt":{"rendered":"Par Laure Gentil Publi\u00e9 le 8 ao\u00fbt 2025 \u00e0 10h22 Le vendredi 15\u00a0ao\u00fbt est un jour f\u00e9ri\u00e9 et&hellip;\n","protected":false},"author":2,"featured_media":304765,"comment_status":"","ping_status":"","sticky":false,"template":"","format":"standard","meta":{"footnotes":""},"categories":[2818],"tags":[1111,11,3008,1777,674,1011,27,766,12,2636,25,104],"class_list":{"0":"post-304764","1":"post","2":"type-post","3":"status-publish","4":"format-standard","5":"has-post-thumbnail","7":"category-nantes","8":"tag-actu","9":"tag-actualites","10":"tag-dechets","11":"tag-eu","12":"tag-europe","13":"tag-fr","14":"tag-france","15":"tag-nantes","16":"tag-news","17":"tag-pays-de-la-loire","18":"tag-republique-francaise","19":"tag-societe"},"share_on_mastodon":{"url":"https:\/\/pubeurope.com\/@fr\/114992476586052806","error":""},"_links":{"self":[{"href":"https:\/\/www.europesays.com\/fr\/wp-json\/wp\/v2\/posts\/304764","targetHints":{"allow":["GET"]}}],"collection":[{"href":"https:\/\/www.europesays.com\/fr\/wp-json\/wp\/v2\/posts"}],"about":[{"href":"https:\/\/www.europesays.com\/fr\/wp-json\/wp\/v2\/types\/post"}],"author":[{"embeddable":true,"href":"https:\/\/www.europesays.com\/fr\/wp-json\/wp\/v2\/users\/2"}],"replies":[{"embeddable":true,"href":"https:\/\/www.europesays.com\/fr\/wp-json\/wp\/v2\/comments?post=304764"}],"version-history":[{"count":0,"href":"https:\/\/www.europesays.com\/fr\/wp-json\/wp\/v2\/posts\/304764\/revisions"}],"wp:featuredmedia":[{"embeddable":true,"href":"https:\/\/www.europesays.com\/fr\/wp-json\/wp\/v2\/media\/304765"}],"wp:attachment":[{"href":"https:\/\/www.europesays.com\/fr\/wp-json\/wp\/v2\/media?parent=304764"}],"wp:term":[{"taxonomy":"category","embeddable":true,"href":"https:\/\/www.europesays.com\/fr\/wp-json\/wp\/v2\/categories?post=304764"},{"taxonomy":"post_tag","embeddable":true,"href":"https:\/\/www.europesays.com\/fr\/wp-json\/wp\/v2\/tags?post=304764"}],"curies":[{"name":"wp","href":"https:\/\/api.w.org\/{rel}","templated":true}]}}