{"id":304766,"date":"2025-08-08T09:38:10","date_gmt":"2025-08-08T09:38:10","guid":{"rendered":"https:\/\/www.europesays.com\/fr\/304766\/"},"modified":"2025-08-08T09:38:10","modified_gmt":"2025-08-08T09:38:10","slug":"un-homme-chute-mortellement-dune-fenetre-en-plein-centre-ville-une-enquete-ouverte","status":"publish","type":"post","link":"https:\/\/www.europesays.com\/fr\/304766\/","title":{"rendered":"un homme chute mortellement d&rsquo;une fen\u00eatre en plein centre-ville, une enqu\u00eate ouverte"},"content":{"rendered":"<p>            Par<br \/>\n        <strong><br \/>\n            <a href=\"https:\/\/actu.fr\/auteur\/emma-derome\" title=\"Consulter tous les articles de Emma Derome\" rel=\"nofollow noopener\" target=\"_blank\">Emma Derome<\/a><br \/>\n        <\/strong><\/p>\n<p>        Publi\u00e9 le<\/p>\n<p>            8 ao\u00fbt 2025 \u00e0 11h23<br \/>\n        ; mis \u00e0 jour le 8 ao\u00fbt 2025 \u00e0 11h30    <\/p>\n<p>Il \u00e9tait un peu plus de 19\u00a0heures, dans la soir\u00e9e du jeudi 7\u00a0ao\u00fbt, quand le drame s\u2019est produit. Un homme de 34\u00a0ans a<strong> chut\u00e9 du quatri\u00e8me et dernier \u00e9tage<\/strong> d\u2019un immeuble du c\u0153ur du centre-ville de Nantes, <strong>cours des 50 otages<\/strong>.<\/p>\n<p class=\" wall-content\">Pr\u00e8s de la place de l\u2019Ecluse, des clients \u00e9taient attabl\u00e9s \u00e0 la terrasse du restaurant MAC Burger. Ils ont eu<strong> l\u2019horreur<\/strong> de voir l\u2019homme d\u2019une trentaine d\u2019ann\u00e9es d\u00e9fenestr\u00e9 et <strong>tomber la t\u00eate la premi\u00e8re<\/strong> sur les pav\u00e9s. Tout de suite, les pompiers sont appel\u00e9s, ainsi que le SAMU, qui a d\u00e9clar\u00e9 son d\u00e9c\u00e8s.<\/p>\n<p>Meurtre ou suicide, toutes les pistes envisag\u00e9es<\/p>\n<p class=\" wall-content\">La police \u00e9galement d\u00e9p\u00each\u00e9e a mis en place un<strong> p\u00e9rim\u00e8tre de s\u00e9curit\u00e9<\/strong> devant les t\u00e9moins choqu\u00e9s. Vendredi matin, un employ\u00e9 nous montre ce qu\u2019il reste de la sc\u00e8ne, juste devant le fast-food. \u00ab\u2009\u00c7a n\u2019a pas \u00e9t\u00e9 bien nettoy\u00e9.\u2009\u00bb<\/p>\n<p class=\" wall-content\">On ignore encore si le jeune homme s\u2019est suicid\u00e9. Il \u00e9tait connu des services de police et <a href=\"https:\/\/actu.fr\/pays-de-la-loire\/nantes_44109\/nantes-la-psychiatrie-a-bout-de-souffle-a-l-hopital-saint-jacques_60111930.html\" rel=\"nofollow noopener\" target=\"_blank\">des services psychiatriques de l\u2019h\u00f4pital Saint-Jacques<\/a>. Une enqu\u00eate a \u00e9t\u00e9 ouverte pour d\u00e9terminer les circonstances du drame, et aucune piste s\u2019est \u00e9cart\u00e9e, comme le veut la proc\u00e9dure.<\/p>\n<p class=\" wall-content\">La police a <strong>plac\u00e9 en garde \u00e0 vue l\u2019occupante de l\u2019appartement<\/strong> d\u2019o\u00f9 la chute a eu lieu. Il s\u2019agit d\u2019une femme qui l\u2019h\u00e9bergeait depuis plusieurs mois, qui avait dans un premier temps \u00e9t\u00e9 prise en charge par les secours dans<strong> un \u00e9tat second<\/strong>. Les policiers soup\u00e7onnent une consommation importante d\u2019alcool et de drogues. Une <strong>autopsie<\/strong> va \u00eatre pratiqu\u00e9e sur le d\u00e9funt pour en savoir plus.<\/p>\n<p class=\" wall-content\">Suivez toute l\u2019actualit\u00e9 de vos villes et m\u00e9dias favoris en vous inscrivant \u00e0 <a href=\"https:\/\/moncompte.actu.fr\" title=\"D\u00e9couvez Mon Actu\" rel=\"nofollow noopener\" data-trk=\"{&quot;cta&quot;:{&quot;action&quot;:&quot;https:\\\/\\\/moncompte.actu.fr&quot;,&quot;category&quot;:&quot;mon compte&quot;,&quot;from&quot;:&quot;article footer&quot;,&quot;name&quot;:&quot;Mon actu&quot;,&quot;type&quot;:&quot;cta&quot;}}\" target=\"_blank\">Mon Actu<\/a>.<\/p>\n","protected":false},"excerpt":{"rendered":"Par Emma Derome Publi\u00e9 le 8 ao\u00fbt 2025 \u00e0 11h23 ; mis \u00e0 jour le 8 ao\u00fbt 2025&hellip;\n","protected":false},"author":2,"featured_media":304767,"comment_status":"","ping_status":"","sticky":false,"template":"","format":"standard","meta":{"footnotes":""},"categories":[2818],"tags":[119,1111,11,1777,674,118,1011,27,766,12,2636,1072,25],"class_list":{"0":"post-304766","1":"post","2":"type-post","3":"status-publish","4":"format-standard","5":"has-post-thumbnail","7":"category-nantes","8":"tag-accident","9":"tag-actu","10":"tag-actualites","11":"tag-eu","12":"tag-europe","13":"tag-faits-divers","14":"tag-fr","15":"tag-france","16":"tag-nantes","17":"tag-news","18":"tag-pays-de-la-loire","19":"tag-police","20":"tag-republique-francaise"},"share_on_mastodon":{"url":"https:\/\/pubeurope.com\/@fr\/114992480540205662","error":""},"_links":{"self":[{"href":"https:\/\/www.europesays.com\/fr\/wp-json\/wp\/v2\/posts\/304766","targetHints":{"allow":["GET"]}}],"collection":[{"href":"https:\/\/www.europesays.com\/fr\/wp-json\/wp\/v2\/posts"}],"about":[{"href":"https:\/\/www.europesays.com\/fr\/wp-json\/wp\/v2\/types\/post"}],"author":[{"embeddable":true,"href":"https:\/\/www.europesays.com\/fr\/wp-json\/wp\/v2\/users\/2"}],"replies":[{"embeddable":true,"href":"https:\/\/www.europesays.com\/fr\/wp-json\/wp\/v2\/comments?post=304766"}],"version-history":[{"count":0,"href":"https:\/\/www.europesays.com\/fr\/wp-json\/wp\/v2\/posts\/304766\/revisions"}],"wp:featuredmedia":[{"embeddable":true,"href":"https:\/\/www.europesays.com\/fr\/wp-json\/wp\/v2\/media\/304767"}],"wp:attachment":[{"href":"https:\/\/www.europesays.com\/fr\/wp-json\/wp\/v2\/media?parent=304766"}],"wp:term":[{"taxonomy":"category","embeddable":true,"href":"https:\/\/www.europesays.com\/fr\/wp-json\/wp\/v2\/categories?post=304766"},{"taxonomy":"post_tag","embeddable":true,"href":"https:\/\/www.europesays.com\/fr\/wp-json\/wp\/v2\/tags?post=304766"}],"curies":[{"name":"wp","href":"https:\/\/api.w.org\/{rel}","templated":true}]}}