{"id":304770,"date":"2025-08-08T09:40:10","date_gmt":"2025-08-08T09:40:10","guid":{"rendered":"https:\/\/www.europesays.com\/fr\/304770\/"},"modified":"2025-08-08T09:40:10","modified_gmt":"2025-08-08T09:40:10","slug":"un-homme-poignarde-au-thorax","status":"publish","type":"post","link":"https:\/\/www.europesays.com\/fr\/304770\/","title":{"rendered":"un homme poignard\u00e9 au thorax"},"content":{"rendered":"<p>            Par<br \/>\n        <strong><br \/>\n            <a href=\"https:\/\/actu.fr\/auteur\/charlotte-lesprit\" title=\"Consulter tous les articles de Charlotte Lesprit\" rel=\"nofollow noopener\" target=\"_blank\">Charlotte Lesprit<\/a><br \/>\n        <\/strong><\/p>\n<p>        Publi\u00e9 le<\/p>\n<p>            8 ao\u00fbt 2025 \u00e0 11h33        <\/p>\n<p>Mercredi 6\u00a0ao\u00fbt, un peu apr\u00e8s 22\u00a0heures, les secours sont intervenus 7, all\u00e9e du Clair-Logis \u00e0 M\u00e9rignac suite \u00e0 <strong>un diff\u00e9rend entre colocataires<\/strong> qui a vir\u00e9 au drame entre trois hommes, \u00e2g\u00e9s de 26\u00a0ans, 28 et 62\u00a0ans.<\/p>\n<p>Une enqu\u00eate en cours<\/p>\n<p class=\" wall-content\">Le plus jeune, \u00e2g\u00e9 de 26\u00a0ans, a \u00e9t\u00e9 <strong>bless\u00e9 par arme blanche,<\/strong> touch\u00e9 au thorax. Il a \u00e9t\u00e9 transport\u00e9 \u00e0 l\u2019h\u00f4pital Saint-Andr\u00e9, dans le centre de Bordeaux. Son pronostic vital n\u2019est pas engag\u00e9.<\/p>\n<p class=\" wall-content\">Le suspect pr\u00e9sum\u00e9, le doyen du groupe, a \u00e9t\u00e9 plac\u00e9 en garde \u00e0 vue, tout comme l\u2019autre colocataire. L\u2019<strong>enqu\u00eate se poursuit<\/strong> afin de d\u00e9terminer les causes et les circonstances exactes de l\u2019altercation.<\/p>\n<p class=\" wall-content\">Suivez toute l\u2019actualit\u00e9 de vos villes et m\u00e9dias favoris en vous inscrivant \u00e0 <a href=\"https:\/\/moncompte.actu.fr\" title=\"D\u00e9couvez Mon Actu\" rel=\"nofollow noopener\" data-trk=\"{&quot;cta&quot;:{&quot;action&quot;:&quot;https:\\\/\\\/moncompte.actu.fr&quot;,&quot;category&quot;:&quot;mon compte&quot;,&quot;from&quot;:&quot;article footer&quot;,&quot;name&quot;:&quot;Mon actu&quot;,&quot;type&quot;:&quot;cta&quot;}}\" target=\"_blank\">Mon Actu<\/a>.<\/p>\n","protected":false},"excerpt":{"rendered":"Par Charlotte Lesprit Publi\u00e9 le 8 ao\u00fbt 2025 \u00e0 11h33 Mercredi 6\u00a0ao\u00fbt, un peu apr\u00e8s 22\u00a0heures, les secours&hellip;\n","protected":false},"author":2,"featured_media":118983,"comment_status":"","ping_status":"","sticky":false,"template":"","format":"standard","meta":{"footnotes":""},"categories":[2817],"tags":[1111,11,1997,1777,674,118,1011,27,12,2219,1072,25],"class_list":{"0":"post-304770","1":"post","2":"type-post","3":"status-publish","4":"format-standard","5":"has-post-thumbnail","7":"category-bordeaux","8":"tag-actu","9":"tag-actualites","10":"tag-bordeaux","11":"tag-eu","12":"tag-europe","13":"tag-faits-divers","14":"tag-fr","15":"tag-france","16":"tag-news","17":"tag-nouvelle-aquitaine","18":"tag-police","19":"tag-republique-francaise"},"share_on_mastodon":{"url":"https:\/\/pubeurope.com\/@fr\/114992488332467201","error":""},"_links":{"self":[{"href":"https:\/\/www.europesays.com\/fr\/wp-json\/wp\/v2\/posts\/304770","targetHints":{"allow":["GET"]}}],"collection":[{"href":"https:\/\/www.europesays.com\/fr\/wp-json\/wp\/v2\/posts"}],"about":[{"href":"https:\/\/www.europesays.com\/fr\/wp-json\/wp\/v2\/types\/post"}],"author":[{"embeddable":true,"href":"https:\/\/www.europesays.com\/fr\/wp-json\/wp\/v2\/users\/2"}],"replies":[{"embeddable":true,"href":"https:\/\/www.europesays.com\/fr\/wp-json\/wp\/v2\/comments?post=304770"}],"version-history":[{"count":0,"href":"https:\/\/www.europesays.com\/fr\/wp-json\/wp\/v2\/posts\/304770\/revisions"}],"wp:featuredmedia":[{"embeddable":true,"href":"https:\/\/www.europesays.com\/fr\/wp-json\/wp\/v2\/media\/118983"}],"wp:attachment":[{"href":"https:\/\/www.europesays.com\/fr\/wp-json\/wp\/v2\/media?parent=304770"}],"wp:term":[{"taxonomy":"category","embeddable":true,"href":"https:\/\/www.europesays.com\/fr\/wp-json\/wp\/v2\/categories?post=304770"},{"taxonomy":"post_tag","embeddable":true,"href":"https:\/\/www.europesays.com\/fr\/wp-json\/wp\/v2\/tags?post=304770"}],"curies":[{"name":"wp","href":"https:\/\/api.w.org\/{rel}","templated":true}]}}