{"id":304775,"date":"2025-08-08T09:43:09","date_gmt":"2025-08-08T09:43:09","guid":{"rendered":"https:\/\/www.europesays.com\/fr\/304775\/"},"modified":"2025-08-08T09:43:09","modified_gmt":"2025-08-08T09:43:09","slug":"luge-dete-tyrolienne-trampolines-des-activites-ludiques-gratuites-a-lille-pendant-lete","status":"publish","type":"post","link":"https:\/\/www.europesays.com\/fr\/304775\/","title":{"rendered":"Luge d\u2019\u00e9t\u00e9, tyrolienne, trampolines\u2026 Des activit\u00e9s ludiques gratuites \u00e0 Lille pendant l\u2019\u00e9t\u00e9"},"content":{"rendered":"<p>            Par<br \/>\n        <strong><br \/>\n            <a href=\"https:\/\/actu.fr\/auteur\/amandine-vachez\" title=\"Consulter tous les articles de Amandine Vachez\" rel=\"nofollow noopener\" target=\"_blank\">Amandine Vachez<\/a><br \/>\n        <\/strong><\/p>\n<p>        Publi\u00e9 le<\/p>\n<p>            8 ao\u00fbt 2025 \u00e0 11h10        <\/p>\n<p>Pour que chaque Lillois puisse profiter pleinement de l\u2019\u00e9t\u00e9, la Ville de <a href=\"https:\/\/actu.fr\/lille\/\" rel=\"nofollow noopener\" target=\"_blank\">Lille<\/a> (Nord) installe depuis plusieurs ann\u00e9es une <b>plaine de loisirs \u00e0 ciel ouvert<\/b> dans le <b>quartier Bois-Blancs<\/b>, tout pr\u00e8s de la piscine Marx Dormoy. Des<b> activit\u00e9s pour petits et grands aventuriers<\/b> y sont propos\u00e9es, <b>gratuitement.<\/b> Ce qui compose le <b>village de 2025.<\/b><\/p>\n<p>Des activit\u00e9s ludiques et un parc sportif avec pr\u00eat de mat\u00e9riel<\/p>\n<p class=\" wall-content\">L\u2019hiver \u00e7a se passe <a href=\"https:\/\/actu.fr\/hauts-de-france\/lille_59350\/luge-tyrolienne-karting-ambiance-station-de-ski-a-saint-so-avec-lille-neige_62219669.html\" rel=\"nofollow noopener\" target=\"_blank\">\u00e0 Saint-So, avec Lille Neige<\/a>, et l\u2019\u00e9t\u00e9 \u00e0 Bois-Blancs, avec <a href=\"https:\/\/actu.fr\/hauts-de-france\/lille_59350\/carton-plein-pour-lille-aventure-nature-avec-plus-de-60-000-entrees-cet-ete_60004175.html\" rel=\"nofollow noopener\" target=\"_blank\">Lille Aventure Nature<\/a>. En ce moment et <b>jusqu\u2019au mercredi 20\u00a0ao\u00fbt<\/b>, l\u2019espace vert de l\u2019avenue Butin est am\u00e9nag\u00e9 en plaine de loisirs. On y trouve une piste de luge, des tyroliennes (adapt\u00e9es aux petits comme aux grands enfants), un espace d\u2019acrolud ou encore des trampolines. Pour les jours de fortes chaleurs, une aire de brumisation est aussi en service, ainsi qu\u2019un parc sportif avec pr\u00eat de mat\u00e9riel. Un espace est d\u00e9di\u00e9 \u00e0 la petite enfance (moins d\u2019un m\u00e8tre).<\/p>\n<p class=\" wall-content\">Des animations ponctuelles rythment l\u2019\u00e9t\u00e9, avec des ateliers maquillage le week-end et des spectacles, le samedi apr\u00e8s-midi. De quoi offrir une belle parenth\u00e8se aux <a href=\"https:\/\/actu.fr\/tag\/famille\" rel=\"nofollow noopener\" target=\"_blank\">familles<\/a> lilloises\u2009!<\/p>\n<p class=\" wall-content\">La zone est ouverte du mardi au dimanche de 14\u2009h \u00e0 20\u2009h (sortie du public 15\u00a0minutes avant la fermeture), avenue Butin \u00e0 Lille. C\u2019est gratuit et accessible sans r\u00e9servation. Les mineurs non accompagn\u00e9s ont acc\u00e8s au village d\u00e8s 11\u00a0ans. Tout le programme des animations est <a href=\"https:\/\/www.calameo.com\/read\/00289880561d18e87c3a9?page=3\" rel=\"nofollow noopener\" target=\"_blank\">disponible en ligne<\/a>.<\/p>\n<p class=\" wall-content\">Suivez toute l\u2019actualit\u00e9 de vos villes et m\u00e9dias favoris en vous inscrivant \u00e0 <a href=\"https:\/\/moncompte.actu.fr\" title=\"D\u00e9couvez Mon Actu\" rel=\"nofollow noopener\" data-trk=\"{&quot;cta&quot;:{&quot;action&quot;:&quot;https:\\\/\\\/moncompte.actu.fr&quot;,&quot;category&quot;:&quot;mon compte&quot;,&quot;from&quot;:&quot;article footer&quot;,&quot;name&quot;:&quot;Mon actu&quot;,&quot;type&quot;:&quot;cta&quot;}}\" target=\"_blank\">Mon Actu<\/a>.<\/p>\n","protected":false},"excerpt":{"rendered":"Par Amandine Vachez Publi\u00e9 le 8 ao\u00fbt 2025 \u00e0 11h10 Pour que chaque Lillois puisse profiter pleinement de&hellip;\n","protected":false},"author":2,"featured_media":304776,"comment_status":"","ping_status":"","sticky":false,"template":"","format":"standard","meta":{"footnotes":""},"categories":[2815],"tags":[1111,11,6557,1777,674,652,1011,27,811,1307,1652,12,25],"class_list":{"0":"post-304775","1":"post","2":"type-post","3":"status-publish","4":"format-standard","5":"has-post-thumbnail","7":"category-lille","8":"tag-actu","9":"tag-actualites","10":"tag-bon-plan-a-lille","11":"tag-eu","12":"tag-europe","13":"tag-famille","14":"tag-fr","15":"tag-france","16":"tag-hauts-de-france","17":"tag-lille","18":"tag-loisirs-culture","19":"tag-news","20":"tag-republique-francaise"},"share_on_mastodon":{"url":"https:\/\/pubeurope.com\/@fr\/114992500122013392","error":""},"_links":{"self":[{"href":"https:\/\/www.europesays.com\/fr\/wp-json\/wp\/v2\/posts\/304775","targetHints":{"allow":["GET"]}}],"collection":[{"href":"https:\/\/www.europesays.com\/fr\/wp-json\/wp\/v2\/posts"}],"about":[{"href":"https:\/\/www.europesays.com\/fr\/wp-json\/wp\/v2\/types\/post"}],"author":[{"embeddable":true,"href":"https:\/\/www.europesays.com\/fr\/wp-json\/wp\/v2\/users\/2"}],"replies":[{"embeddable":true,"href":"https:\/\/www.europesays.com\/fr\/wp-json\/wp\/v2\/comments?post=304775"}],"version-history":[{"count":0,"href":"https:\/\/www.europesays.com\/fr\/wp-json\/wp\/v2\/posts\/304775\/revisions"}],"wp:featuredmedia":[{"embeddable":true,"href":"https:\/\/www.europesays.com\/fr\/wp-json\/wp\/v2\/media\/304776"}],"wp:attachment":[{"href":"https:\/\/www.europesays.com\/fr\/wp-json\/wp\/v2\/media?parent=304775"}],"wp:term":[{"taxonomy":"category","embeddable":true,"href":"https:\/\/www.europesays.com\/fr\/wp-json\/wp\/v2\/categories?post=304775"},{"taxonomy":"post_tag","embeddable":true,"href":"https:\/\/www.europesays.com\/fr\/wp-json\/wp\/v2\/tags?post=304775"}],"curies":[{"name":"wp","href":"https:\/\/api.w.org\/{rel}","templated":true}]}}