{"id":304777,"date":"2025-08-08T09:44:10","date_gmt":"2025-08-08T09:44:10","guid":{"rendered":"https:\/\/www.europesays.com\/fr\/304777\/"},"modified":"2025-08-08T09:44:10","modified_gmt":"2025-08-08T09:44:10","slug":"accord-entre-le-psg-et-lille-pour-le-transfert-de-lucas-chevalier","status":"publish","type":"post","link":"https:\/\/www.europesays.com\/fr\/304777\/","title":{"rendered":"accord entre le PSG et Lille pour le transfert de Lucas Chevalier"},"content":{"rendered":"<p>Le club parisien et le LOSC sont tomb\u00e9s d\u2019accord ce vendredi pour transf\u00e9rer le gardien de but.<\/p>\n<p class=\"fig-paragraph\">Lille et le Paris Saint-Germain sont tomb\u00e9s d&rsquo;accord pour le transfert du gardien de but fran\u00e7ais\u00a0<a href=\"http:\/\/www.lefigaro.fr\/sports\/football\/transferts\/mercato-donnarumma-transfert-record-luis-enrique-tout-puissant-chevalier-bientot-au-psg-cinq-questions-pour-tout-comprendre-20250808\" data-fig-type=\"NewsFlash\" data-gtm-custom-categorie=\"navigation\" data-gtm-custom-action=\"crossclick\" data-gtm-custom-label=\"Contextuel\" data-gtm-event=\"customEventSPE\" data-fig-domain=\"LEFIGARO\" target=\"_blank\" rel=\"noopener\">Lucas Chevalier<\/a>, 23 ans, a appris vendredi l&rsquo;AFP de source proche des discussions. Le jeune portier, dont le transfert porterait sur cinq saisons et se chiffrerait \u00e0 40 millions d&rsquo;euros selon la source, doit passer sa visite m\u00e9dicale dans la journ\u00e9e avant de parapher son contrat avec les champions d&rsquo;Europe.<\/p>\n<p>Quid de Donnarumma\u00a0?<\/p>\n<p class=\"fig-paragraph\">Ce transfert soul\u00e8ve plusieurs questions\u00a0<a href=\"http:\/\/www.lefigaro.fr\/sports\/football\/transferts\/mercato-donnarumma-transfert-record-luis-enrique-tout-puissant-chevalier-bientot-au-psg-cinq-questions-pour-tout-comprendre-20250808\" data-fig-type=\"NewsFlash\" data-gtm-custom-categorie=\"navigation\" data-gtm-custom-action=\"crossclick\" data-gtm-custom-label=\"Contextuel\" data-gtm-event=\"customEventSPE\" data-fig-domain=\"LEFIGARO\" target=\"_blank\" rel=\"noopener\">et notamment celle concernant l\u2019avenir de Gigio Donnarumma<\/a>, le gardien titulaire de la saison pass\u00e9. L\u2019Italien est d\u00e9sormais condamn\u00e9 \u00e0 trouver une porte de sortie, les dirigeants parisiens ne souhaitant pas faire cohabiter dans le m\u00eame effectif les deux internationaux.<\/p>\n","protected":false},"excerpt":{"rendered":"Le club parisien et le LOSC sont tomb\u00e9s d\u2019accord ce vendredi pour transf\u00e9rer le gardien de but. Lille&hellip;\n","protected":false},"author":2,"featured_media":304778,"comment_status":"","ping_status":"","sticky":false,"template":"","format":"standard","meta":{"footnotes":""},"categories":[2815],"tags":[1111,11,1777,674,1011,27,811,1307,2267,12,93,25],"class_list":{"0":"post-304777","1":"post","2":"type-post","3":"status-publish","4":"format-standard","5":"has-post-thumbnail","7":"category-lille","8":"tag-actu","9":"tag-actualites","10":"tag-eu","11":"tag-europe","12":"tag-fr","13":"tag-france","14":"tag-hauts-de-france","15":"tag-lille","16":"tag-losc","17":"tag-news","18":"tag-psg","19":"tag-republique-francaise"},"share_on_mastodon":{"url":"https:\/\/pubeurope.com\/@fr\/114992504300786026","error":""},"_links":{"self":[{"href":"https:\/\/www.europesays.com\/fr\/wp-json\/wp\/v2\/posts\/304777","targetHints":{"allow":["GET"]}}],"collection":[{"href":"https:\/\/www.europesays.com\/fr\/wp-json\/wp\/v2\/posts"}],"about":[{"href":"https:\/\/www.europesays.com\/fr\/wp-json\/wp\/v2\/types\/post"}],"author":[{"embeddable":true,"href":"https:\/\/www.europesays.com\/fr\/wp-json\/wp\/v2\/users\/2"}],"replies":[{"embeddable":true,"href":"https:\/\/www.europesays.com\/fr\/wp-json\/wp\/v2\/comments?post=304777"}],"version-history":[{"count":0,"href":"https:\/\/www.europesays.com\/fr\/wp-json\/wp\/v2\/posts\/304777\/revisions"}],"wp:featuredmedia":[{"embeddable":true,"href":"https:\/\/www.europesays.com\/fr\/wp-json\/wp\/v2\/media\/304778"}],"wp:attachment":[{"href":"https:\/\/www.europesays.com\/fr\/wp-json\/wp\/v2\/media?parent=304777"}],"wp:term":[{"taxonomy":"category","embeddable":true,"href":"https:\/\/www.europesays.com\/fr\/wp-json\/wp\/v2\/categories?post=304777"},{"taxonomy":"post_tag","embeddable":true,"href":"https:\/\/www.europesays.com\/fr\/wp-json\/wp\/v2\/tags?post=304777"}],"curies":[{"name":"wp","href":"https:\/\/api.w.org\/{rel}","templated":true}]}}