{"id":304783,"date":"2025-08-08T09:47:09","date_gmt":"2025-08-08T09:47:09","guid":{"rendered":"https:\/\/www.europesays.com\/fr\/304783\/"},"modified":"2025-08-08T09:47:09","modified_gmt":"2025-08-08T09:47:09","slug":"canicule-a-lyon-des-nuits-tropicales-insupportables-en-approche-voici-a-quoi-sattendre","status":"publish","type":"post","link":"https:\/\/www.europesays.com\/fr\/304783\/","title":{"rendered":"Canicule \u00e0 Lyon. Des \u00ab\u00a0nuits tropicales\u00a0\u00bb insupportables en approche : voici \u00e0 quoi s&rsquo;attendre"},"content":{"rendered":"<p>            Par<br \/>\n        <strong><br \/>\n            <a href=\"https:\/\/actu.fr\/auteur\/julien-sournies\" title=\"Consulter tous les articles de Julien Sournies\" rel=\"nofollow noopener\" target=\"_blank\">Julien Sournies<\/a><br \/>\n        <\/strong><\/p>\n<p>        Publi\u00e9 le<\/p>\n<p>            8 ao\u00fbt 2025 \u00e0 11h24        <\/p>\n<p>Il risque d\u2019\u00eatre particuli\u00e8rement difficile de trouver le sommeil \u00e0 <a href=\"https:\/\/actu.fr\/lyon\/\" rel=\"nofollow noopener\" target=\"_blank\">Lyon<\/a> durant plusieurs jours. Alors qu\u2019une nouvelle <a href=\"https:\/\/actu.fr\/auvergne-rhone-alpes\/lyon_69123\/lyon-une-canicule-interminable-le-departement-du-rhone-passe-en-vigilance-orange_63013176.html\" rel=\"nofollow noopener\" target=\"_blank\">vague de fortes chaleurs<\/a> frappe de plein fouet la capitale des Gaules, les nuits \u00e0 venir s\u2019annoncent en effet \u00e9touffantes. Pour cause : pendant plusieurs jours, le mercure <strong>ne descendra pas en de\u00e7a des 20\u00b0C \u00e0 Lyon<\/strong>, donnant ainsi lieu \u00e0 des <strong>\u00ab\u00a0nuits tropicales\u00a0\u00bb<\/strong>.<\/p>\n<p class=\" wall-content\">\n<p>\u00ab\u00a0On aura du mal \u00e0 r\u00e9cup\u00e9rer\u00a0\u00bb<\/p>\n<p class=\" wall-content\">\u00ab Il y aura bien des <a href=\"https:\/\/actu.fr\/auvergne-rhone-alpes\/lyon_69123\/lyon-la-canicule-s-annonce-interminable-et-violente-elle-peut-durer-jusqu-a-10-jours_63005739.html\" rel=\"nofollow noopener\" target=\"_blank\">nuits tropicales, c\u2019est-\u00e0-dire au-dessus de 20\u00b0C<\/a>. Il y aura des nuits au-dessus de 25\u00b0C, les nuits seront vraiment chaudes et on aura du mal \u00e0 r\u00e9cup\u00e9rer \u00bb, avertissait Guillaume S\u00e9chet, le m\u00e9t\u00e9orologue et fondateur de <a href=\"https:\/\/www.meteo-lyon.net\/records\" rel=\"nofollow noopener\" target=\"_blank\">M\u00e9t\u00e9o-Lyon<\/a> \u00e0 notre r\u00e9daction il y a deux jours.<\/p>\n<p class=\" wall-content\">Et ces fameuses nuits vont d\u00e9buter d\u00e8s ce week-end dans la capitale du Rh\u00f4ne, o\u00f9 le thermom\u00e8tre affichera au minimum 23\u00b0C. La journ\u00e9e, en revanche, il faudra compter jusqu\u2019\u00e0 39\u00b0C samedi 9 ao\u00fbt et 36\u00b0C dimanche 10 ao\u00fbt, soit quelque 10\u00b0C au-del\u00e0 des normales de saison.<\/p>\n<p class=\" wall-content\">Lundi 11 ao\u00fbt, les diff\u00e9rences de mercures seront encore plus marqu\u00e9es : comptez 22\u00b0C au minimum, contre 40\u00b0C au maximum dans la journ\u00e9e, soit <strong>+18\u00b0C<\/strong>.<\/p>\n<p>Des minimales \u00e0 25\u00b0C durant plusieurs nuits<\/p>\n<p class=\" wall-content\">Et la situation ne va pas aller en s\u2019arrangeant. Ce mardi 12 ao\u00fbt, le mercure affichera 24\u00b0C au minimum. L\u2019apr\u00e8s-midi, la barre des 40\u00b0C devrait d\u2019ailleurs encore \u00eatre franchie, ce qui pourrait faire de Lyon l\u2019une des villes les \u00ab\u00a0plus chaudes de France\u00a0\u00bb, selon Guillaume S\u00e9chet.<\/p>\n<p class=\" wall-content\">Si les maximales devraient l\u00e9g\u00e8rement diminuer jusqu\u2019au 15 ao\u00fbt, se situant entre 34 et 37\u00b0C, les minimales resteront particuli\u00e8rement \u00e9lev\u00e9es : jusqu\u2019\u00e0 l\u2019Assomption, les temp\u00e9ratures ne descendront pas sous les <strong>25\u00b0C \u00e0 Lyon<\/strong>.\u00a0<\/p>\n<p class=\" wall-content\">Pour rappel, le d\u00e9partement du <a href=\"https:\/\/actu.fr\/auvergne-rhone-alpes\/rhone_69\" rel=\"nofollow noopener\" target=\"_blank\">Rh\u00f4ne<\/a>, \u00e0 l\u2019instar de ceux de la Loire, de l\u2019Is\u00e8re, de l\u2019Ard\u00e8che et de la Dr\u00f4me, font actuellement l\u2019objet d\u2019une vigilance orange canicule, laquelle est prolong\u00e9e \u00e0 minima jusqu\u2019\u00e0 ce samedi par <a href=\"https:\/\/actu.fr\/tag\/meteo-france\" rel=\"nofollow noopener\" target=\"_blank\">M\u00e9t\u00e9o-France<\/a>.<\/p>\n<p class=\" wall-content\">Suivez toute l\u2019actualit\u00e9 de vos villes et m\u00e9dias favoris en vous inscrivant \u00e0 <a href=\"https:\/\/moncompte.actu.fr\" title=\"D\u00e9couvez Mon Actu\" rel=\"nofollow noopener\" data-trk=\"{&quot;cta&quot;:{&quot;action&quot;:&quot;https:\\\/\\\/moncompte.actu.fr&quot;,&quot;category&quot;:&quot;mon compte&quot;,&quot;from&quot;:&quot;article footer&quot;,&quot;name&quot;:&quot;Mon actu&quot;,&quot;type&quot;:&quot;cta&quot;}}\" target=\"_blank\">Mon Actu<\/a>.<\/p>\n","protected":false},"excerpt":{"rendered":"Par Julien Sournies Publi\u00e9 le 8 ao\u00fbt 2025 \u00e0 11h24 Il risque d\u2019\u00eatre particuli\u00e8rement difficile de trouver le&hellip;\n","protected":false},"author":2,"featured_media":304784,"comment_status":"","ping_status":"","sticky":false,"template":"","format":"standard","meta":{"footnotes":""},"categories":[1889],"tags":[1111,11,2430,6698,1777,674,1011,27,2428,2487,2357,12,25,15637],"class_list":{"0":"post-304783","1":"post","2":"type-post","3":"status-publish","4":"format-standard","5":"has-post-thumbnail","7":"category-lyon","8":"tag-actu","9":"tag-actualites","10":"tag-auvergne-rhone-alpes","11":"tag-canicule","12":"tag-eu","13":"tag-europe","14":"tag-fr","15":"tag-france","16":"tag-lyon","17":"tag-meteo","18":"tag-meteo-france","19":"tag-news","20":"tag-republique-francaise","21":"tag-vague-de-chaleur"},"share_on_mastodon":{"url":"https:\/\/pubeurope.com\/@fr\/114992516028989578","error":""},"_links":{"self":[{"href":"https:\/\/www.europesays.com\/fr\/wp-json\/wp\/v2\/posts\/304783","targetHints":{"allow":["GET"]}}],"collection":[{"href":"https:\/\/www.europesays.com\/fr\/wp-json\/wp\/v2\/posts"}],"about":[{"href":"https:\/\/www.europesays.com\/fr\/wp-json\/wp\/v2\/types\/post"}],"author":[{"embeddable":true,"href":"https:\/\/www.europesays.com\/fr\/wp-json\/wp\/v2\/users\/2"}],"replies":[{"embeddable":true,"href":"https:\/\/www.europesays.com\/fr\/wp-json\/wp\/v2\/comments?post=304783"}],"version-history":[{"count":0,"href":"https:\/\/www.europesays.com\/fr\/wp-json\/wp\/v2\/posts\/304783\/revisions"}],"wp:featuredmedia":[{"embeddable":true,"href":"https:\/\/www.europesays.com\/fr\/wp-json\/wp\/v2\/media\/304784"}],"wp:attachment":[{"href":"https:\/\/www.europesays.com\/fr\/wp-json\/wp\/v2\/media?parent=304783"}],"wp:term":[{"taxonomy":"category","embeddable":true,"href":"https:\/\/www.europesays.com\/fr\/wp-json\/wp\/v2\/categories?post=304783"},{"taxonomy":"post_tag","embeddable":true,"href":"https:\/\/www.europesays.com\/fr\/wp-json\/wp\/v2\/tags?post=304783"}],"curies":[{"name":"wp","href":"https:\/\/api.w.org\/{rel}","templated":true}]}}