{"id":304785,"date":"2025-08-08T09:48:11","date_gmt":"2025-08-08T09:48:11","guid":{"rendered":"https:\/\/www.europesays.com\/fr\/304785\/"},"modified":"2025-08-08T09:48:11","modified_gmt":"2025-08-08T09:48:11","slug":"paris-lyon-marseille-le-changement-des-regles-de-scrutin-valide-par-le-conseil-constitutionnel-victoire-pour-rachida-dati","status":"publish","type":"post","link":"https:\/\/www.europesays.com\/fr\/304785\/","title":{"rendered":"Paris, Lyon, Marseille\u00a0: le changement des r\u00e8gles de scrutin valid\u00e9 par le Conseil constitutionnel, victoire pour Rachida Dati"},"content":{"rendered":"<p>In extremis, le <a href=\"https:\/\/www.humanite.fr\/environnement\/agriculture\/le-conseil-constitutionnel-censure-partiellement-la-loi-duplomb\" target=\"_blank\" rel=\"noopener\">Conseil constitutionnel<\/a> a donc valid\u00e9 la r\u00e9forme du mode de scrutin dans la capitale ainsi qu\u2019\u00e0 Lyon et Marseille, <a href=\"https:\/\/www.humanite.fr\/politique\/conseil-de-paris\/loi-plm-les-petites-manoeuvres-de-la-droite-et-des-macronistes-pour-arreter-de-perdre-aux-municipales-a-paris-lyon-et-marseille\" target=\"_blank\" rel=\"noopener\">trois villes dirig\u00e9es par la gauche,<\/a> toutes des villes subdivis\u00e9es en mairies d\u2019arrondissement.<br \/>Si les \u00e9lections municipales se d\u00e9rouleront en mars 2026, c\u2019est d\u00e8s le 1er\u00a0septembre prochain que la campagne pour les municipales est lanc\u00e9e, et que s\u2019applique l\u2019obligation de neutralit\u00e9 dans la communication d\u00e9livr\u00e9e par les collectivit\u00e9s.<\/p>\n<p>D\u00e9sormais, les \u00e9lecteurs voteront non plus pour une seule liste, mais deux. <a href=\"https:\/\/www.humanite.fr\/politique\/elections-municipales\/municipales-lassemblee-nationale-donne-son-feu-vert-a-la-reforme-du-scrutin-a-paris-lyon-et-marseille\" target=\"_blank\" rel=\"noopener\">L\u2019une pour le conseil municipal central, l\u2019autre pour le conseil d\u2019arrondissement,<\/a> les t\u00eates de liste \u00e9tant implicitement les futurs candidats au si\u00e8ge de maire. Depuis 1982, ils se pronon\u00e7aient en faveur d\u2019une liste de leur arrondissement, au sein de laquelle \u00e9taient d\u00e9sign\u00e9s des conseillers municipaux centraux qui eux-m\u00eames proc\u00e9daient ensuite \u00e0 l\u2018\u00e9lection du maire.<\/p>\n<p>Si au S\u00e9nat, la droite et une partie de la gauche (PS et PCF notamment) y \u00e9taient oppos\u00e9s, \u00e0 l\u2019Assembl\u00e9e le texte des macronistes est pass\u00e9 avec l\u2019assentiment du RN, des macronistes d\u2019Ensemble pour la R\u00e9publique, de la France insoumise, de la Droite r\u00e9publicaine et du Modem, ainsi que d\u2019une partie, minoritaire, des socialistes.<\/p>\n<p>Un coup de pouce \u00e0 Rachida Dati pour remporter Paris<\/p>\n<p>C\u2019est que cette loi est v\u00e9cue comme un coup de pouce \u00e0 Paris pour la candidate probable de la droite, Rachida Dati. La ministre de la Culture estime <a href=\"https:\/\/www.humanite.fr\/politique\/elections-municipales\/loi-plm-le-coup-de-pouce-de-macron-pour-aider-dati-a-gagner-la-mairie-de-paris\" target=\"_blank\" rel=\"noopener\">qu\u2019elle l\u2019aurait emport\u00e9 en 2020 sans la loi PLM<\/a>. Autre objectif officieux de la r\u00e9forme, tenter de ravir Lyon <a href=\"https:\/\/www.humanite.fr\/politique\/conseil-de-paris\/loi-plm-les-petites-manoeuvres-de-la-droite-et-des-macronistes-pour-arreter-de-perdre-aux-municipales-a-paris-lyon-et-marseille\" target=\"_blank\" rel=\"noopener\">au maire sortant, l\u2019\u00e9cologiste Gr\u00e9gory Doucet. <\/a>\u00c0 Marseille, le maire sortant Beno\u00eet Payan est lui favorable \u00e0 la r\u00e9forme \u2013 mais pas le pr\u00e9sident de r\u00e9gion macroniste.<\/p>\n<blockquote class=\"twitter-tweet\" data-width=\"500\" data-dnt=\"true\" data-cmp-blockquote=\"1\">\n<p lang=\"fr\" dir=\"ltr\">Le Conseil constitutionnel a valid\u00e9 le tripatouillage \u00e9lectoral con\u00e7u pour arranger les affaires de Mme Dati. <\/p>\n<p>La gauche doit en tirer toutes les cons\u00e9quences : union de la majorit\u00e9 municipale d\u00e8s le premier tour ! <\/p>\n<p>Je veux y contribuer de toutes mes forces.<\/p>\n<p>\u2014 Ian Brossat (@IanBrossat) <a href=\"https:\/\/twitter.com\/IanBrossat\/status\/1953502467770945913?ref_src=twsrc%5Etfw\" target=\"_blank\" rel=\"noopener\">August 7, 2025<\/a><\/p><\/blockquote>\n<p>Ce changement du mode de scrutin intervient \u00e0 sept mois seulement des scrutins, sans que le Conseil constitutionnel n\u2019y trouve \u00e0 redire alors que le Code \u00e9lectoral interdit toute modification \u00ab\u00a0dans l\u2019ann\u00e9e qui pr\u00e9c\u00e8de le premier tour d\u2019un scrutin\u00a0\u00bb. Pour les Sages, \u00ab\u00a0aucune exigence constitutionnelle n\u2019interdit au l\u00e9gislateur de proc\u00e9der \u00e0 une modification du r\u00e9gime \u00e9lectoral des membres des conseils municipaux dans l\u2019ann\u00e9e qui pr\u00e9c\u00e8de la date de leur renouvellement g\u00e9n\u00e9ral\u00a0\u00bb.\u00a0Le court d\u00e9lai entre la r\u00e9forme et le vote \u00ab\u00a0ne porte pas, par lui-m\u00eame, atteinte au principe de sinc\u00e9rit\u00e9 du scrutin\u00a0\u00bb.<\/p>\n<p><strong>Oui, on s\u2019en doute\u00a0: vous en avez assez<\/strong><\/p>\n<p>Voir ces messages d\u2019appel au don, \u00e7a peut \u00eatre p\u00e9nible. Nous le savons. Et on doit bien vous avouer que nous pr\u00e9f\u00e9rerions ne pas avoir \u00e0 les \u00e9crire\u2026<\/p>\n<p>Mais voil\u00e0\u00a0: c\u2019est crucial pour l\u2019Humanit\u00e9. Si ce titre existe toujours aujourd\u2019hui, c\u2019est gr\u00e2ce au financement r\u00e9gulier de nos lectrices et lecteurs.<\/p>\n<ul class=\"wp-block-list\">\n<li>C\u2019est gr\u00e2ce \u00e0 votre soutien que nous pouvons exercer notre m\u00e9tier avec passion. Nous ne d\u00e9pendons ni des int\u00e9r\u00eats d\u2019un propri\u00e9taire milliardaire, ni de pressions politiques : <strong>personne ne nous dicte ce que nous devons dire ou taire<\/strong>.<\/li>\n<\/ul>\n<ul class=\"wp-block-list\">\n<li>Votre engagement nous lib\u00e8re aussi de la course aux clics et \u00e0 l\u2019audience. <strong>Plut\u00f4t que de chercher \u00e0 capter l\u2019attention \u00e0 tout prix, nous choisissons de traiter les sujets que notre r\u00e9daction juge essentiels<\/strong>\u00a0: parce qu\u2019ils m\u00e9ritent d\u2019\u00eatre lus, compris, partag\u00e9s. Parce que nous estimons qu\u2019ils vous seront utiles<\/li>\n<\/ul>\n<p>\u00c0 l\u2019heure actuelle, <strong>moins d\u2019un quart des lectrices et lecteurs<\/strong> qui viennent plus de 3\u00a0fois sur le site par semaine nous aident \u00e0 financer notre travail, par leur abonnement ou par leurs dons. Si vous voulez prot\u00e9ger le journalisme ind\u00e9pendant, <strong>s\u2019il vous pla\u00eet, rejoignez-les<\/strong>.<\/p>\n<p>                            <script async src=\"https:\/\/platform.twitter.com\/widgets.js\" charset=\"utf-8\"><\/script><\/p>\n","protected":false},"excerpt":{"rendered":"In extremis, le Conseil constitutionnel a donc valid\u00e9 la r\u00e9forme du mode de scrutin dans la capitale ainsi&hellip;\n","protected":false},"author":2,"featured_media":304786,"comment_status":"","ping_status":"","sticky":false,"template":"","format":"standard","meta":{"footnotes":""},"categories":[1889],"tags":[1111,11,2430,4188,1777,674,1011,27,2428,12,417,25],"class_list":{"0":"post-304785","1":"post","2":"type-post","3":"status-publish","4":"format-standard","5":"has-post-thumbnail","7":"category-lyon","8":"tag-actu","9":"tag-actualites","10":"tag-auvergne-rhone-alpes","11":"tag-elections-municipales","12":"tag-eu","13":"tag-europe","14":"tag-fr","15":"tag-france","16":"tag-lyon","17":"tag-news","18":"tag-rachida-dati","19":"tag-republique-francaise"},"share_on_mastodon":{"url":"https:\/\/pubeurope.com\/@fr\/114992519751261247","error":""},"_links":{"self":[{"href":"https:\/\/www.europesays.com\/fr\/wp-json\/wp\/v2\/posts\/304785","targetHints":{"allow":["GET"]}}],"collection":[{"href":"https:\/\/www.europesays.com\/fr\/wp-json\/wp\/v2\/posts"}],"about":[{"href":"https:\/\/www.europesays.com\/fr\/wp-json\/wp\/v2\/types\/post"}],"author":[{"embeddable":true,"href":"https:\/\/www.europesays.com\/fr\/wp-json\/wp\/v2\/users\/2"}],"replies":[{"embeddable":true,"href":"https:\/\/www.europesays.com\/fr\/wp-json\/wp\/v2\/comments?post=304785"}],"version-history":[{"count":0,"href":"https:\/\/www.europesays.com\/fr\/wp-json\/wp\/v2\/posts\/304785\/revisions"}],"wp:featuredmedia":[{"embeddable":true,"href":"https:\/\/www.europesays.com\/fr\/wp-json\/wp\/v2\/media\/304786"}],"wp:attachment":[{"href":"https:\/\/www.europesays.com\/fr\/wp-json\/wp\/v2\/media?parent=304785"}],"wp:term":[{"taxonomy":"category","embeddable":true,"href":"https:\/\/www.europesays.com\/fr\/wp-json\/wp\/v2\/categories?post=304785"},{"taxonomy":"post_tag","embeddable":true,"href":"https:\/\/www.europesays.com\/fr\/wp-json\/wp\/v2\/tags?post=304785"}],"curies":[{"name":"wp","href":"https:\/\/api.w.org\/{rel}","templated":true}]}}