{"id":30479,"date":"2025-04-17T01:39:11","date_gmt":"2025-04-17T01:39:11","guid":{"rendered":"https:\/\/www.europesays.com\/fr\/30479\/"},"modified":"2025-04-17T01:39:11","modified_gmt":"2025-04-17T01:39:11","slug":"guerre-commerciale-le-bras-de-fer-continue-entre-washington-et-pekin-17-04-2025-a-0101","status":"publish","type":"post","link":"https:\/\/www.europesays.com\/fr\/30479\/","title":{"rendered":"Guerre commerciale: le bras de fer continue entre Washington et P\u00e9kin &#8211; 17\/04\/2025 \u00e0 01:01"},"content":{"rendered":"<p>        <img fetchpriority=\"high\" decoding=\"async\" src=\"https:\/\/www.europesays.com\/fr\/wp-content\/uploads\/2025\/04\/4bc69dea4eecf3eb3159202b8a34bd7a-760x507.jpg\" alt=\"Des v\u00e9hicules fabriqu\u00e9s en Chine et pr\u00eats \u00e0 l'exportation, dans le port de Nanjing, le 16 avril 2025 ( AFP \/ STR )\" loading=\"eager\" width=\"760\" height=\"507\" style=\"max-width: 100%!important; height: auto;\"\/><\/p>\n<p class=\"c-image-news__legend\">Des v\u00e9hicules fabriqu\u00e9s en Chine et pr\u00eats \u00e0 l&rsquo;exportation, dans le port de Nanjing, le 16 avril 2025 ( AFP \/ STR )<\/p>\n<p>\n P\u00e9kin et Washington continuent mercredi de se renvoyer la balle sur les droits de douane, alimentant l&rsquo;incertitude quant \u00e0 l&rsquo;issue d&rsquo;une guerre commerciale qui devrait provoquer un recul des \u00e9changes mondiaux et une hausse de l&rsquo;inflation aux Etats-Unis.\n<\/p>\n<p>\n L&rsquo;Organisation mondiale du commerce (OMC) a estim\u00e9 que ce recul du commerce mondial de marchandises pourrait atteindre jusqu&rsquo;\u00e0 1,5% en volume en 2025, en fonction de l&rsquo;ampleur de la politique protectionniste de Donald Trump.\n<\/p>\n<p>\n La suspension temporaire des droits de douane am\u00e9ricains les plus importants, sauf contre la Chine, va att\u00e9nuer la contraction des \u00e9changes mais l&rsquo;affrontement entre P\u00e9kin et Washington peut peser lourd.\n<\/p>\n<p>\n La Chine est rest\u00e9e mercredi dans le registre de la fermet\u00e9. Si les \u00c9tats-Unis \u00ab\u00a0veulent v\u00e9ritablement r\u00e9soudre le probl\u00e8me par le dialogue et la n\u00e9gociation, ils doivent (&#8230;) cesser de menacer et de faire du chantage, et discuter avec la Chine sur la base de l&rsquo;\u00e9galit\u00e9, du respect et du b\u00e9n\u00e9fice mutuel\u00a0\u00bb, a pr\u00e9venu le minist\u00e8re des Affaires \u00e9trang\u00e8res.\n<\/p>\n<p>\n La veille, la Maison Blanche avait affirm\u00e9 que la balle \u00e9tait \u00ab\u00a0dans le camp de la Chine\u00a0\u00bb pour des n\u00e9gociations, ajoutant: \u00ab\u00a0C&rsquo;est la Chine qui a besoin d&rsquo;un accord avec les \u00c9tats-Unis\u00a0\u00bb et non l&rsquo;inverse.\n<\/p>\n<p>\n De son c\u00f4t\u00e9, le pr\u00e9sident chinois Xi Jinping poursuit sa tourn\u00e9e en Asie du sud-est pour essayer d&rsquo;organiser avec des voisins une riposte coordonn\u00e9e aux droits de douane am\u00e9ricains.\n<\/p>\n<p>\n Apr\u00e8s la Malaise mercredi, il sera jeudi au Cambodge, l&rsquo;un des alli\u00e9s les plus fid\u00e8les de la Chine en Asie du Sud-Est et o\u00f9 P\u00e9kin a \u00e9tendu son influence ces derni\u00e8res ann\u00e9es.\n<\/p>\n<p>\n Contrairement \u00e0 la Chine, le Japon a d\u00e9cid\u00e9 d&rsquo;aller n\u00e9gocier \u00e0 Washington, o\u00f9 une d\u00e9l\u00e9gation nippone a rencontr\u00e9 mercredi Donald Trump. Ce dernier a fait \u00e9tat de \u00ab\u00a0progr\u00e8s importants\u00a0\u00bb, sans s&rsquo;\u00e9pancher davantage.\n<\/p>\n<p>\n Jeudi, c&rsquo;est la cheffe du gouvernement italien qui discutera \u00e0 la Maison Blanche avec le pr\u00e9sident. Giorgia Meloni est press\u00e9e par Bruxelles de parler au nom de ses partenaires europ\u00e9ens sur les droits de douane.\n<\/p>\n<p> &#8211; \u00ab\u00a0Hausse temporaire\u00a0\u00bb &#8211;<\/p>\n<p>\n Aux Etats-Unis, le pr\u00e9sident de la R\u00e9serve f\u00e9d\u00e9rale (Fed) Jerome Powell a estim\u00e9 mercredi que les d\u00e9cisions sur les droits de douane allaient \u00ab\u00a0tr\u00e8s certainement entra\u00eener au moins une hausse temporaire de l&rsquo;inflation\u00a0\u00bb, avec la possibilit\u00e9 que \u00ab\u00a0les effets inflationnistes soient \u00e9galement persistants\u00a0\u00bb.\n<\/p>\n<p>\n Lest\u00e9e par ces perspectives moroses, Wall Street a cl\u00f4tur\u00e9 en nette baisse: l&rsquo;indice Nasdaq, o\u00f9 se concentre le secteur technologique, a notamment plong\u00e9 de 3,07%.\n<\/p>\n<p>        <img decoding=\"async\" src=\"https:\/\/www.europesays.com\/fr\/wp-content\/uploads\/2025\/04\/a0540099e2c574a47f08595a9ae8ed60-760x507.jpg\" alt=\"Un avis dans un bureau de poste de Hong Kong avertit de la suspension des envois de colis vers les Etats-Unis, le 16 avril 2025 ( AFP \/ Peter PARKS )\" loading=\"eager\" width=\"760\" height=\"507\" style=\"max-width: 100%!important; height: auto;\"\/><\/p>\n<p class=\"c-image-news__legend\">Un avis dans un bureau de poste de Hong Kong avertit de la suspension des envois de colis vers les Etats-Unis, le 16 avril 2025 ( AFP \/ Peter PARKS )<\/p>\n<p>\n Symbole de l&rsquo;impact de la guerre commerciale sur le grand public, les plateformes chinoises de vente en ligne Shein et Temu ont annonc\u00e9 une hausse prochaine de leurs prix, qu&rsquo;elles ont justifi\u00e9e par les \u00ab\u00a0r\u00e9cents changements dans les r\u00e8gles de commerce mondial\u00a0\u00bb.\n<\/p>\n<p>\n Outre les tarifs douaniers, les deux entreprises sont concern\u00e9es par la fin de l&rsquo;exemption de taxes sur les colis de moins de 800 dollars import\u00e9s aux Etats-Unis, sur laquelle reposait leur mod\u00e8le \u00e9conomique.\n<\/p>\n<p>\n Apr\u00e8s avoir suspendu la r\u00e9ception d&rsquo;avions fabriqu\u00e9s par l&rsquo;Am\u00e9ricain<br \/>\n <a href=\"https:\/\/www.boursorama.com\/cours\/BA\/\" rel=\"nofollow noopener\" target=\"_blank\"><br \/>\n  Boeing<br \/>\n <\/a><br \/>\n &#8211; d\u00e9cision d\u00e9nonc\u00e9e par Donald Trump -, la Chine semble r\u00e9solue \u00e0 s&rsquo;en prendre aussi \u00e0 l&rsquo;agriculture am\u00e9ricaine: un responsable am\u00e9ricain a confirm\u00e9 \u00e0 l&rsquo;AFP le non-renouvellement par P\u00e9kin des licences de la majorit\u00e9 des exportateurs am\u00e9ricains de viande de b\u0153uf depuis mi-mars.\n<\/p>\n<p> &#8211; Produits pharmaceutiques &#8211;<\/p>\n<p>\n Chine et \u00c9tats-Unis sont lanc\u00e9s dans une surench\u00e8re: Washington a impos\u00e9 au total 145% de taxe sur les produits chinois entrant sur son territoire, qui s&rsquo;ajoutent \u00e0 ceux existants avant le retour de Donald Trump \u00e0 la Maison Blanche, pour un total pouvant ainsi atteindre jusqu&rsquo;\u00e0 245% en fonction des secteurs.\n<\/p>\n<p>\n P\u00e9kin a r\u00e9pliqu\u00e9 avec une surtaxe qui atteint d\u00e9sormais 125% pour les produits am\u00e9ricains.\n<\/p>\n<p>\n Trump a cependant att\u00e9nu\u00e9 ses annonces en exemptant les ordinateurs, smartphones et autres produits \u00e9lectroniques, ainsi que les semi-conducteurs, dont la majorit\u00e9 provient de Chine.\n<\/p>\n<p>        <img decoding=\"async\" src=\"https:\/\/www.europesays.com\/fr\/wp-content\/uploads\/2025\/04\/7f5c2ffd5e07fc66b5357e8ebae18619-760x506.jpg\" alt=\"Des v\u00e9hicules fabriqu\u00e9s en Cor\u00e9e du Sud attendent leur exportation dans le port de Pyeongytaek, au sud de S\u00e9oul, le 3 avril 2025 ( AFP \/ ANTHONY WALLACE )\" loading=\"eager\" width=\"760\" height=\"506\" style=\"max-width: 100%!important; height: auto;\"\/><\/p>\n<p class=\"c-image-news__legend\">Des v\u00e9hicules fabriqu\u00e9s en Cor\u00e9e du Sud attendent leur exportation dans le port de Pyeongytaek, au sud de S\u00e9oul, le 3 avril 2025 ( AFP \/ ANTHONY WALLACE )<\/p>\n<p>\n Hors Chine, la Maison Blanche a mis en pause pour 90 jours ses droits de douane r\u00e9ciproques sup\u00e9rieurs \u00e0 un plancher de 10%, ouvrant la porte \u00e0 la n\u00e9gociation.\n<\/p>\n<p>\n Mais les Etats-Unis comptent bien poursuivre la mise en place de droits de douane sectoriels, apr\u00e8s les 25% d\u00e9j\u00e0 impos\u00e9s sur l&rsquo;acier et l&rsquo;aluminium ainsi que sur l&rsquo;automobile.\n<\/p>\n<p>\n Sont d\u00e9sormais dans leur viseur les secteurs des produits pharmaceutiques, semiconducteurs et m\u00e9taux rares, ainsi que les produits qui en sont issus, tels que l&rsquo;\u00e9lectronique grand public.<\/p>\n","protected":false},"excerpt":{"rendered":"Des v\u00e9hicules fabriqu\u00e9s en Chine et pr\u00eats \u00e0 l&rsquo;exportation, dans le port de Nanjing, le 16 avril 2025&hellip;\n","protected":false},"author":2,"featured_media":30480,"comment_status":"","ping_status":"","sticky":false,"template":"","format":"standard","meta":{"footnotes":""},"categories":[6],"tags":[400,398,408,35,405,33,34,1011,27,403,402,399,404,401,406,407],"class_list":{"0":"post-30479","1":"post","2":"type-post","3":"status-publish","4":"format-standard","5":"has-post-thumbnail","7":"category-economie","8":"tag-action-cac-40","9":"tag-bourse-de-paris","10":"tag-boursorama","11":"tag-business","12":"tag-cotations","13":"tag-economie","14":"tag-economy","15":"tag-fr","16":"tag-france","17":"tag-indices-devises","18":"tag-investir","19":"tag-investissement","20":"tag-marche-boursier","21":"tag-sicav","22":"tag-trackers","23":"tag-warrants"},"share_on_mastodon":{"url":"","error":""},"_links":{"self":[{"href":"https:\/\/www.europesays.com\/fr\/wp-json\/wp\/v2\/posts\/30479","targetHints":{"allow":["GET"]}}],"collection":[{"href":"https:\/\/www.europesays.com\/fr\/wp-json\/wp\/v2\/posts"}],"about":[{"href":"https:\/\/www.europesays.com\/fr\/wp-json\/wp\/v2\/types\/post"}],"author":[{"embeddable":true,"href":"https:\/\/www.europesays.com\/fr\/wp-json\/wp\/v2\/users\/2"}],"replies":[{"embeddable":true,"href":"https:\/\/www.europesays.com\/fr\/wp-json\/wp\/v2\/comments?post=30479"}],"version-history":[{"count":0,"href":"https:\/\/www.europesays.com\/fr\/wp-json\/wp\/v2\/posts\/30479\/revisions"}],"wp:featuredmedia":[{"embeddable":true,"href":"https:\/\/www.europesays.com\/fr\/wp-json\/wp\/v2\/media\/30480"}],"wp:attachment":[{"href":"https:\/\/www.europesays.com\/fr\/wp-json\/wp\/v2\/media?parent=30479"}],"wp:term":[{"taxonomy":"category","embeddable":true,"href":"https:\/\/www.europesays.com\/fr\/wp-json\/wp\/v2\/categories?post=30479"},{"taxonomy":"post_tag","embeddable":true,"href":"https:\/\/www.europesays.com\/fr\/wp-json\/wp\/v2\/tags?post=30479"}],"curies":[{"name":"wp","href":"https:\/\/api.w.org\/{rel}","templated":true}]}}