{"id":304799,"date":"2025-08-08T09:56:18","date_gmt":"2025-08-08T09:56:18","guid":{"rendered":"https:\/\/www.europesays.com\/fr\/304799\/"},"modified":"2025-08-08T09:56:18","modified_gmt":"2025-08-08T09:56:18","slug":"les-marches-mondiaux-scrutent-la-situation-en-ukraine-et-les-droits-de-douane","status":"publish","type":"post","link":"https:\/\/www.europesays.com\/fr\/304799\/","title":{"rendered":"Les march\u00e9s mondiaux scrutent la situation en Ukraine et les droits de douane"},"content":{"rendered":"<p class=\"fig-paragraph\">Les march\u00e9s mondiaux concentrent leur attention vendredi sur la possible rencontre entre\u00a0<a href=\"http:\/\/www.lefigaro.fr\/conjoncture\/donald-trump-annonce-sa-volonte-d-imposer-des-taxes-douanieres-de-100-sur-les-puces-et-semi-conducteurs-20250806\" data-fig-type=\"NewsFlash\" data-gtm-custom-categorie=\"navigation\" data-gtm-custom-action=\"crossclick\" data-gtm-custom-label=\"Contextuel\" data-gtm-event=\"customEventSPE\" data-fig-domain=\"LEFIGARO\" target=\"_blank\" rel=\"noopener\">Donald Trump<\/a>\u00a0et<a href=\"http:\/\/www.lefigaro.fr\/international\/ukraine-poutine-inflexible-face-a-l-ultimatum-de-trump-20250805\" data-fig-type=\"Article\" data-gtm-custom-categorie=\"navigation\" data-gtm-custom-action=\"crossclick\" data-gtm-custom-label=\"Contextuel\" data-gtm-event=\"customEventSPE\" data-fig-domain=\"LEFIGARO\" target=\"_blank\" rel=\"noopener\">\u00a0Vladimir Poutine<\/a>\u00a0qui pourrait faire avancer le dossier de la guerre en Ukraine, ainsi que sur les n\u00e9gociations encore en cours sur les droits de douane am\u00e9ricains. Dans les premiers \u00e9changes en Europe, la Bourse de Paris prenait 0,30%, Londres 0,27%, Milan 0,23% et la Bourse suisse 0,31%. Seule Francfort fl\u00e9chissait de 0,27%.<\/p>\n<p class=\"fig-paragraph\">\u00abLes march\u00e9s boursiers europ\u00e9ens ont r\u00e9cemment progress\u00e9 dans l&rsquo;espoir que Donald Trump puisse n\u00e9gocier une rencontre entre Vladimir Poutine et Volodymyr Zelensky\u00bb, commente Ipek Ozkardeskaya, analyste chez Swissquote. Donald Trump s&rsquo;est dit jeudi toujours pr\u00eat \u00e0 rencontrer Vladimir Poutine m\u00eame si ce dernier refuse de voir Volodymyr Zelensky, qui insiste pour \u00eatre \u00e0 la table des discussions visant \u00e0 trouver une issue au conflit en Ukraine. \u00abLa Maison Blanche n&rsquo;a pas encore confirm\u00e9 de date, mais il s&rsquo;agirait du premier sommet entre pr\u00e9sidents am\u00e9ricain et russe depuis l&rsquo;invasion de l&rsquo;Ukraine en 2022\u00bb, note Jim Reid, \u00e9conomiste \u00e0 la Deustche Bank.<\/p>\n<p class=\"fig-body-link\">\n            \u00c0 lire aussi<br \/>\n        <a class=\"fig-body-link__link\" href=\"http:\/\/www.lefigaro.fr\/international\/guerre-en-ukraine-volodymyr-zelensky-reitere-son-appel-pour-une-rencontre-en-face-a-face-avec-vladimir-poutine-20250807\" data-fig-type=\"NewsFlash\" data-gtm-custom-categorie=\"navigation\" data-gtm-custom-action=\"crossclick\" data-gtm-custom-label=\"Contextuel\" data-gtm-event=\"customEventSPE\" data-fig-domain=\"LEFIGARO\" target=\"_blank\" rel=\"noopener\">Guerre en Ukraine\u00a0: Volodymyr Zelensky r\u00e9it\u00e8re son appel pour une rencontre en face-\u00e0-face avec Vladimir Poutine<br \/>\n    <\/a>\n<\/p>\n<p>                                    <a class=\"fig-a11y-skip a11y-hidden\" href=\"#fig-a11y-skip-main-inarticle\"><br \/>\n        Passer la publicit\u00e9<br \/>\n    <\/a><\/p>\n<p>\u00abBaisser la prime de risque sur les actifs affect\u00e9s par la guerre\u00bb<\/p>\n<p class=\"fig-paragraph\">Interrog\u00e9 sur le fait de savoir si l&rsquo;ultimatum qu&rsquo;il a donn\u00e9 \u00e0 son homologue russe pour trouver un accord avec Kiev sous peine de sanctions s\u00e9v\u00e8res \u00e9tait toujours fix\u00e9 \u00e0 vendredi, le pr\u00e9sident am\u00e9ricain est rest\u00e9 vague. \u00abMalgr\u00e9 l&rsquo;incertitude persistante\u00bb, les espoirs grandissants d&rsquo;une avanc\u00e9e sur le dossier de la guerre en Ukraine font \u00abbaisser la prime de risque sur les actifs affect\u00e9s par la guerre\u00bb comme le p\u00e9trole, rel\u00e8ve Jim Reid.<\/p>\n<p class=\"fig-paragraph\">Vers 7h20 GMT, le prix du baril de Brent de la mer du Nord c\u00e9dait 0,75% \u00e0 65,93 dollars et celui de son \u00e9quivalent am\u00e9ricain, le WTI, perdait 0,86% \u00e0 63,33 dollars. Sur le front commercial, \u00ables droits de douane de Trump sont officiellement entr\u00e9s en vigueur (jeudi), mais les march\u00e9s ont peu r\u00e9agi\u00bb, souligne Jim Reid. Des pays continuent toujours de n\u00e9gocier avec Washington dans l&rsquo;espoir de r\u00e9duire les cons\u00e9quences des surtaxes massives impos\u00e9es sur leurs produits par Donald Trump, qui entend remodeler le commerce international au profit des \u00c9tats-Unis. Ces surtaxes se situent dans une large fourchette, allant de 15% \u00e0 41%.<\/p>\n<p class=\"fig-paragraph\">\u00c0 la\u00a0<a href=\"http:\/\/www.lefigaro.fr\/flash-eco\/la-bourse-de-tokyo-placide-malgre-le-cuisant-revers-electoral-du-gouvernement-japonais-20250722\" data-fig-type=\"NewsFlash\" data-gtm-custom-categorie=\"navigation\" data-gtm-custom-action=\"crossclick\" data-gtm-custom-label=\"Contextuel\" data-gtm-event=\"customEventSPE\" data-fig-domain=\"LEFIGARO\" target=\"_blank\" rel=\"noopener\">Bourse de Tokyo<\/a>, l&rsquo;indice Nikkei a termin\u00e9 en hausse de 1,85%, rassur\u00e9 par les pr\u00e9cisions nippones sur l&rsquo;application des surtaxes douani\u00e8res am\u00e9ricaines. Le n\u00e9gociateur japonais Ryosei Akazawa a affirm\u00e9 jeudi depuis Washington que les \u00c9tats-Unis devraient r\u00e9viser son ordonnance de mani\u00e8re que le nouveau droit ne s&rsquo;ajoute pas \u00e0 ceux existants, comme pr\u00e9vu par l&rsquo;accord.<\/p>\n<p>Le dollar sous pression<\/p>\n<p class=\"fig-paragraph\">Donald Trump compte propulser son conseiller \u00e9conomique Stephen Miran \u00e0 un poste strat\u00e9gique au sein de la banque centrale des \u00c9tats-Unis (Fed) qu&rsquo;il veut voir baisser les taux d&rsquo;int\u00e9r\u00eat. Sa nomination doit encore \u00eatre confirm\u00e9e par le S\u00e9nat \u00e0 majorit\u00e9 r\u00e9publicaine. Autre nomination tr\u00e8s attendue: celle du rempla\u00e7ant de\u00a0<a href=\"http:\/\/www.lefigaro.fr\/conjoncture\/j-aimerais-qu-il-demissionne-jerome-powell-le-patron-de-la-fed-devenu-souffre-douleur-de-donald-trump-20250702\" data-fig-type=\"Article\" data-gtm-custom-categorie=\"navigation\" data-gtm-custom-action=\"crossclick\" data-gtm-custom-label=\"Contextuel\" data-gtm-event=\"customEventSPE\" data-fig-domain=\"LEFIGARO\" target=\"_blank\" rel=\"noopener\">Jerome Powell<\/a>, l&rsquo;actuel pr\u00e9sident de la Fed, dont le mandat prend fin au printemps. L&rsquo;ex-gouverneur Christopher Waller fait figure de favori, selon l&rsquo;agence Bloomberg jeudi. \u00abLes deux hommes sont per\u00e7us comme accommodants, ce qui s&rsquo;aligne avec la volont\u00e9 de Trump de r\u00e9duire les taux\u00bb, rappelle Ipek Ozkardeskaya.<\/p>\n<p class=\"fig-paragraph\">Sur le march\u00e9 des changes, \u00able dollar am\u00e9ricain reste sous pression \u00e0 cause de la volatilit\u00e9 commerciale (&#8230;) et des anticipations d&rsquo;une Fed plus accommodante\u00bb, poursuit-elle. Vers 7h20 GMT, le dollar prenait quelque 0,10% face \u00e0 la monnaie unique, \u00e0 1,1654 dollar pour un euro. En revanche, les taux obligataires am\u00e9ricains \u00e0 \u00e9ch\u00e9ance deux ans, pourtant les plus sensibles \u00e0 la conjoncture mon\u00e9taire, r\u00e9agissaient \u00e0 peine. Ils \u00e9voluaient \u00e0 3,73% vers 7h20 GMT, comme jeudi en cl\u00f4ture. De quoi \u00abrappeler &#8211; encore &#8211; que les baisses de taux n&rsquo;entra\u00eenent pas toujours une baisse des co\u00fbts d&#8217;emprunt si elles ne sont pas per\u00e7ues comme cr\u00e9dibles ou justifi\u00e9es\u00bb, souligne l&rsquo;analyste.<\/p>\n<p>                                    <a class=\"fig-a11y-skip a11y-hidden\" href=\"#fig-a11y-skip-main-inarticle_mtf\"><br \/>\n        Passer la publicit\u00e9<br \/>\n    <\/a><\/p>\n<p class=\"fig-paragraph\">Le g\u00e9ant japonais des investissements dans les technologies\u00a0<a href=\"http:\/\/www.lefigaro.fr\/flash-eco\/softbank-rachete-le-groupe-de-semi-conducteurs-americain-ampere-pour-6-5-milliards-de-dollars-20250320\" data-fig-type=\"NewsFlash\" data-gtm-custom-categorie=\"navigation\" data-gtm-custom-action=\"crossclick\" data-gtm-custom-label=\"Contextuel\" data-gtm-event=\"customEventSPE\" data-fig-domain=\"LEFIGARO\" target=\"_blank\" rel=\"noopener\">SoftBank Group<\/a>\u00a0(+10,39% \u00e0 la cl\u00f4ture \u00e0 Tokyo), qui r\u00e9oriente son portefeuille vers l&rsquo;intelligence artificielle (IA), a d\u00e9gag\u00e9 un b\u00e9n\u00e9fice bien meilleur qu&rsquo;attendu au premier trimestre de son exercice 2025-2026, aid\u00e9 par sa participation dans le champion des puces Nvidia. Le g\u00e9ant japonais du divertissement Sony (+3,50% \u00e0 la cl\u00f4ture \u00e0 Tokyo) a fortement relev\u00e9 jeudi sa pr\u00e9vision de b\u00e9n\u00e9fice net pour l&rsquo;exercice 2025-2026, gr\u00e2ce \u00e0 des r\u00e9sultats robustes dans le jeu vid\u00e9o et \u00e0 un impact moins s\u00e9v\u00e8re qu&rsquo;attendu des droits de douane am\u00e9ricains.<\/p>\n","protected":false},"excerpt":{"rendered":"Les march\u00e9s mondiaux concentrent leur attention vendredi sur la possible rencontre entre\u00a0Donald Trump\u00a0et\u00a0Vladimir Poutine\u00a0qui pourrait faire avancer le&hellip;\n","protected":false},"author":2,"featured_media":304800,"comment_status":"","ping_status":"","sticky":false,"template":"","format":"standard","meta":{"footnotes":""},"categories":[1590],"tags":[11,340,1777,674,131,12,220],"class_list":{"0":"post-304799","1":"post","2":"type-post","3":"status-publish","4":"format-standard","5":"has-post-thumbnail","7":"category-ukraine","8":"tag-actualites","9":"tag-bourse","10":"tag-eu","11":"tag-europe","12":"tag-guerre-en-ukraine","13":"tag-news","14":"tag-ukraine"},"share_on_mastodon":{"url":"https:\/\/pubeurope.com\/@fr\/114992551410067164","error":""},"_links":{"self":[{"href":"https:\/\/www.europesays.com\/fr\/wp-json\/wp\/v2\/posts\/304799","targetHints":{"allow":["GET"]}}],"collection":[{"href":"https:\/\/www.europesays.com\/fr\/wp-json\/wp\/v2\/posts"}],"about":[{"href":"https:\/\/www.europesays.com\/fr\/wp-json\/wp\/v2\/types\/post"}],"author":[{"embeddable":true,"href":"https:\/\/www.europesays.com\/fr\/wp-json\/wp\/v2\/users\/2"}],"replies":[{"embeddable":true,"href":"https:\/\/www.europesays.com\/fr\/wp-json\/wp\/v2\/comments?post=304799"}],"version-history":[{"count":0,"href":"https:\/\/www.europesays.com\/fr\/wp-json\/wp\/v2\/posts\/304799\/revisions"}],"wp:featuredmedia":[{"embeddable":true,"href":"https:\/\/www.europesays.com\/fr\/wp-json\/wp\/v2\/media\/304800"}],"wp:attachment":[{"href":"https:\/\/www.europesays.com\/fr\/wp-json\/wp\/v2\/media?parent=304799"}],"wp:term":[{"taxonomy":"category","embeddable":true,"href":"https:\/\/www.europesays.com\/fr\/wp-json\/wp\/v2\/categories?post=304799"},{"taxonomy":"post_tag","embeddable":true,"href":"https:\/\/www.europesays.com\/fr\/wp-json\/wp\/v2\/tags?post=304799"}],"curies":[{"name":"wp","href":"https:\/\/api.w.org\/{rel}","templated":true}]}}