{"id":304801,"date":"2025-08-08T09:57:11","date_gmt":"2025-08-08T09:57:11","guid":{"rendered":"https:\/\/www.europesays.com\/fr\/304801\/"},"modified":"2025-08-08T09:57:11","modified_gmt":"2025-08-08T09:57:11","slug":"une-decision-malheureuse-et-inopportune-selon-loms","status":"publish","type":"post","link":"https:\/\/www.europesays.com\/fr\/304801\/","title":{"rendered":"\u00ab Une d\u00e9cision malheureuse et inopportune \u00bb, selon l&rsquo;OMS"},"content":{"rendered":"\n<p>\u00a9 Midjourney X What&rsquo;s up Doc<\/p>\n<p>\u00ab Il s\u2019agit bien s\u00fbr d\u2019un coup dur \u00bb, a regrett\u00e9 Joachim Hombach, secr\u00e9taire ex\u00e9cutif du groupe consultatif strat\u00e9gique d\u2019experts en vaccination de l\u2019OMS, aupr\u00e8s de l\u2019Acanu (l\u2019association des correspondants de l\u2019ONU).<\/p>\n<p>\u00ab Le vaccin \u00e0 ARNm est une technologie tr\u00e8s importante qui nous a \u00e9t\u00e9 extr\u00eamement utile pour lutter contre le Covid \u00bb, a soulign\u00e9 Joachim Hombach, ajoutant que l\u2019ARNm est \u00ab particuli\u00e8rement utile pour d\u00e9velopper des vaccins contre les menaces \u00e9mergentes et pand\u00e9miques, car il peut \u00eatre adapt\u00e9 tr\u00e8s rapidement \u00bb.<\/p>\n<p>L\u2019autorit\u00e9 am\u00e9ricaine charg\u00e9e de fournir au pays les moyens d\u2019affronter les crises sanitaires (Barda) a mis fin mardi \u00ab \u00e0 22 investissements dans le d\u00e9veloppement de vaccins \u00e0 ARNm, car les donn\u00e9es montrent que ces vaccins ne prot\u00e8gent pas efficacement contre les infections des voies respiratoires sup\u00e9rieures, comme le Covid et la grippe \u00bb, a d\u00e9clar\u00e9 <a href=\"https:\/\/www.whatsupdoc-lemag.fr\/article\/ils-se-font-vacciner-et-trois-mois-plus-tard-leur-cerveau-disparu-florilege-des-infox\" target=\"_blank\" rel=\"nofollow noopener\">le ministre de la Sant\u00e9, Robert Kennedy Jr<\/a>.<\/p>\n<p>Un ministre toujours plus antivax<\/p>\n<p>Il s\u2019agit de la derni\u00e8re tentative en date du ministre pour inscrire son scepticisme \u00e0 l\u2019\u00e9gard des vaccins au c\u0153ur de la politique du gouvernement am\u00e9ricain.<\/p>\n<p>Alors que les vaccins traditionnels utilisent souvent des formes affaiblies ou inactiv\u00e9es du virus ou de la bact\u00e9rie cibl\u00e9s, les vaccins \u00e0 ARNm transmettent des instructions g\u00e9n\u00e9tiques aux cellules de l\u2019h\u00f4te, les incitant \u00e0 produire un leurre inoffensif du pathog\u00e8ne et \u00e0 entra\u00eener le syst\u00e8me immunitaire \u00e0 combattre le v\u00e9ritable virus.<\/p>\n<p><a href=\"https:\/\/www.whatsupdoc-lemag.fr\/article\/toujours-dans-lobsession-du-vaccin-covid-les-etats-unis-vont-en-restreindre-les-conditions\" target=\"_blank\" title=\"Toujours dans l&#039;obsession du vaccin Covid, les \u00c9tats-Unis vont en restreindre les conditions d&#039;acc\u00e8s\" rel=\"nofollow noopener\">https:\/\/www.whatsupdoc-lemag.fr\/article\/toujours-dans-lobsession-du-vaccin-covid-les-etats-unis-vont-en-restreindre-les-conditions<\/a><\/p>\n<p>Joachim Hombach a appel\u00e9 \u00e0 la poursuite des travaux sur le d\u00e9veloppement des vaccins \u00e0 ARNm dans le monde entier : \u00ab il s\u2019agit d\u2019une d\u00e9cision malheureuse et inopportune, mais nous sommes convaincus que les efforts de recherche se poursuivront, car il s\u2019agit d\u2019une technologie extr\u00eamement prometteuse \u00bb, a-t-il soulign\u00e9 aupr\u00e8s des journalistes.<\/p>\n<p>Peu apr\u00e8s son investiture en janvier, Trump avait sign\u00e9 un d\u00e9cret ordonnant aux \u00c9tats-Unis de se retirer de l\u2019OMS, une organisation qu\u2019il a critiqu\u00e9e \u00e0 plusieurs reprises pour sa gestion de la pand\u00e9mie de Covid-19.<\/p>\n<p>Avec AFP<\/p>\n","protected":false},"excerpt":{"rendered":"\u00a9 Midjourney X What&rsquo;s up Doc \u00ab Il s\u2019agit bien s\u00fbr d\u2019un coup dur \u00bb, a regrett\u00e9 Joachim&hellip;\n","protected":false},"author":2,"featured_media":304802,"comment_status":"","ping_status":"","sticky":false,"template":"","format":"standard","meta":{"footnotes":""},"categories":[1589],"tags":[11,73,1866,12,1864,1865,1863,308],"class_list":{"0":"post-304801","1":"post","2":"type-post","3":"status-publish","4":"format-standard","5":"has-post-thumbnail","7":"category-etats-unis","8":"tag-actualites","9":"tag-etats-unis","10":"tag-etats-unis-damerique","11":"tag-news","12":"tag-united-states","13":"tag-united-states-of-america","14":"tag-us","15":"tag-usa"},"share_on_mastodon":{"url":"https:\/\/pubeurope.com\/@fr\/114992555376416554","error":""},"_links":{"self":[{"href":"https:\/\/www.europesays.com\/fr\/wp-json\/wp\/v2\/posts\/304801","targetHints":{"allow":["GET"]}}],"collection":[{"href":"https:\/\/www.europesays.com\/fr\/wp-json\/wp\/v2\/posts"}],"about":[{"href":"https:\/\/www.europesays.com\/fr\/wp-json\/wp\/v2\/types\/post"}],"author":[{"embeddable":true,"href":"https:\/\/www.europesays.com\/fr\/wp-json\/wp\/v2\/users\/2"}],"replies":[{"embeddable":true,"href":"https:\/\/www.europesays.com\/fr\/wp-json\/wp\/v2\/comments?post=304801"}],"version-history":[{"count":0,"href":"https:\/\/www.europesays.com\/fr\/wp-json\/wp\/v2\/posts\/304801\/revisions"}],"wp:featuredmedia":[{"embeddable":true,"href":"https:\/\/www.europesays.com\/fr\/wp-json\/wp\/v2\/media\/304802"}],"wp:attachment":[{"href":"https:\/\/www.europesays.com\/fr\/wp-json\/wp\/v2\/media?parent=304801"}],"wp:term":[{"taxonomy":"category","embeddable":true,"href":"https:\/\/www.europesays.com\/fr\/wp-json\/wp\/v2\/categories?post=304801"},{"taxonomy":"post_tag","embeddable":true,"href":"https:\/\/www.europesays.com\/fr\/wp-json\/wp\/v2\/tags?post=304801"}],"curies":[{"name":"wp","href":"https:\/\/api.w.org\/{rel}","templated":true}]}}