{"id":304805,"date":"2025-08-08T09:59:12","date_gmt":"2025-08-08T09:59:12","guid":{"rendered":"https:\/\/www.europesays.com\/fr\/304805\/"},"modified":"2025-08-08T09:59:12","modified_gmt":"2025-08-08T09:59:12","slug":"en-allemagne-cette-carte-interactive-identifie-les-meilleurs-sites-pour-produire-de-lhydrogene-vert","status":"publish","type":"post","link":"https:\/\/www.europesays.com\/fr\/304805\/","title":{"rendered":"En Allemagne, cette carte interactive identifie les meilleurs sites pour produire de l&rsquo;hydrog\u00e8ne vert"},"content":{"rendered":"<p>       <strong>Un consortium a pr\u00e9sent\u00e9 un atlas interactif localisant les meilleurs sites allemands pour produire de l\u2019<a href=\"https:\/\/www.h2-mobile.fr\/dossiers\/hydrogene-vert-tout-savoir\/\" rel=\"nofollow noopener\" target=\"_blank\">hydrog\u00e8ne vert<\/a> via \u00e9lectrolyse. Un outil cl\u00e9 pour les porteurs de projets.<\/strong><\/p>\n<p>Un nouvel outil cartographique d\u00e9velopp\u00e9 dans le cadre d\u2019un programme pilote permet d\u2019identifier les emplacements optimaux pour l\u2019\u00e9lectrolyse. Il tient compte de nombreux crit\u00e8res techniques et \u00e9conomiques.<\/p>\n<p>Accessible en ligne, il vise \u00e0 soutenir la planification de projets d\u2019hydrog\u00e8ne vert sur l\u2019ensemble du territoire allemand. Le projet a \u00e9t\u00e9 pilot\u00e9 par<\/p>\n<p>La suite de cet article est r\u00e9serv\u00e9e \u00e0 nos abonn\u00e9s<\/p>\n","protected":false},"excerpt":{"rendered":"Un consortium a pr\u00e9sent\u00e9 un atlas interactif localisant les meilleurs sites allemands pour produire de l\u2019hydrog\u00e8ne vert via&hellip;\n","protected":false},"author":2,"featured_media":304806,"comment_status":"","ping_status":"","sticky":false,"template":"","format":"standard","meta":{"footnotes":""},"categories":[1587],"tags":[11,672,1804,1805,1803,1777,674,1801,12,1802],"class_list":{"0":"post-304805","1":"post","2":"type-post","3":"status-publish","4":"format-standard","5":"has-post-thumbnail","7":"category-allemagne","8":"tag-actualites","9":"tag-allemagne","10":"tag-bundesrepublik-deutschland","11":"tag-de","12":"tag-deutschland","13":"tag-eu","14":"tag-europe","15":"tag-germany","16":"tag-news","17":"tag-republique-federale-dallemagne"},"share_on_mastodon":{"url":"https:\/\/pubeurope.com\/@fr\/114992563073755850","error":""},"_links":{"self":[{"href":"https:\/\/www.europesays.com\/fr\/wp-json\/wp\/v2\/posts\/304805","targetHints":{"allow":["GET"]}}],"collection":[{"href":"https:\/\/www.europesays.com\/fr\/wp-json\/wp\/v2\/posts"}],"about":[{"href":"https:\/\/www.europesays.com\/fr\/wp-json\/wp\/v2\/types\/post"}],"author":[{"embeddable":true,"href":"https:\/\/www.europesays.com\/fr\/wp-json\/wp\/v2\/users\/2"}],"replies":[{"embeddable":true,"href":"https:\/\/www.europesays.com\/fr\/wp-json\/wp\/v2\/comments?post=304805"}],"version-history":[{"count":0,"href":"https:\/\/www.europesays.com\/fr\/wp-json\/wp\/v2\/posts\/304805\/revisions"}],"wp:featuredmedia":[{"embeddable":true,"href":"https:\/\/www.europesays.com\/fr\/wp-json\/wp\/v2\/media\/304806"}],"wp:attachment":[{"href":"https:\/\/www.europesays.com\/fr\/wp-json\/wp\/v2\/media?parent=304805"}],"wp:term":[{"taxonomy":"category","embeddable":true,"href":"https:\/\/www.europesays.com\/fr\/wp-json\/wp\/v2\/categories?post=304805"},{"taxonomy":"post_tag","embeddable":true,"href":"https:\/\/www.europesays.com\/fr\/wp-json\/wp\/v2\/tags?post=304805"}],"curies":[{"name":"wp","href":"https:\/\/api.w.org\/{rel}","templated":true}]}}