{"id":304809,"date":"2025-08-08T10:01:11","date_gmt":"2025-08-08T10:01:11","guid":{"rendered":"https:\/\/www.europesays.com\/fr\/304809\/"},"modified":"2025-08-08T10:01:11","modified_gmt":"2025-08-08T10:01:11","slug":"volodymyr-zelensky-donne-des-gages-a-lue-et-a-sa-societe-civile-en-nommant-un-patron-a-la-tete-du-bureau-economique","status":"publish","type":"post","link":"https:\/\/www.europesays.com\/fr\/304809\/","title":{"rendered":"Volodymyr Zelensky donne des gages \u00e0 l\u2019UE et \u00e0 sa soci\u00e9t\u00e9 civile en nommant un patron \u00e0 la t\u00eate du Bureau \u00e9conomique"},"content":{"rendered":"<p>                         <img loading=\"lazy\" decoding=\"async\" src=\"https:\/\/www.europesays.com\/fr\/wp-content\/uploads\/2025\/08\/05c85ce_ftp-import-images-1-cbhkyjiwon5b-dc3f7513293d4e4192154ae1af760e88-0-c99e1f6816ea49d384e0dc83.jpeg\" alt=\"Le pr\u00e9sident ukrainien Volodymyr Zelenskyy assiste \u00e0 la session parlementaire \u00e0 Kiev, le jeudi 17\u00a0juillet 2025.\"   width=\"664\" height=\"443\"\/>    Le pr\u00e9sident ukrainien Volodymyr Zelenskyy assiste \u00e0 la session parlementaire \u00e0 Kiev, le jeudi 17\u00a0juillet 2025.  VADYM SARAKHAN\/AP                 <\/p>\n<p class=\"article__paragraph  \">Hasard de calendrier ou geste politique\u00a0? Mercredi 6\u00a0ao\u00fbt, apr\u00e8s pr\u00e8s d\u2019un mois et demi \u00e0 louvoyer face aux exigences des partenaires europ\u00e9ens et du Fonds mon\u00e9taire international (FMI), les autorit\u00e9s de Kiev ont finalement confirm\u00e9 Oleksandr Tsyvinsky comme nouveau chef du Bureau de la s\u00e9curit\u00e9 \u00e9conomique, une agence charg\u00e9e de lutter contre la criminalit\u00e9 \u00e9conomique. Le gouvernement avait jusque-l\u00e0 fait en sorte d\u2019\u00e9viter de finaliser la nomination du candidat, allant jusqu\u2019\u00e0 avancer des raisons de s\u00e9curit\u00e9 \u2013 la nationalit\u00e9 russe de son p\u00e8re \u2013 invoqu\u00e9es par le SBU, le service de s\u00e9curit\u00e9 d\u2019Ukraine. Le choix de cet ancien enqu\u00eateur d\u2019une agence anticorruption du pays avait \u00e9t\u00e9 annonc\u00e9 le 24\u00a0juin apr\u00e8s une proc\u00e9dure de s\u00e9lection de six mois r\u00e9alis\u00e9e par une commission ind\u00e9pendante.<\/p>\n<p class=\"article__paragraph  \">A Kiev, beaucoup ont vu dans cette annonce, salu\u00e9e par les institutions europ\u00e9ennes, un lien \u00e9vident avec la crise politique d\u00e9clench\u00e9e deux semaines plus t\u00f4t par la pr\u00e9sidence ukrainienne. La confirmation d\u2019Oleksandr Tsyvinsky \u00e0 la t\u00eate du Bureau de s\u00e9curit\u00e9 \u00e9conomique intervient en effet apr\u00e8s que Volodymyr Zelensky a tent\u00e9 de mettre fin \u00e0 l\u2019ind\u00e9pendance de deux agences anticorruption, <a href=\"https:\/\/www.lemonde.fr\/international\/article\/2025\/07\/23\/en-ukraine-volodymyr-zelensky-promulgue-une-loi-controversee-supprimant-l-independance-des-instances-anticorruption_6623021_3210.html\" rel=\"nofollow noopener\" target=\"_blank\">en faisant voter une loi les mettant sous la responsabilit\u00e9 du procureur g\u00e9n\u00e9ral, fid\u00e8le \u00e0 la pr\u00e9sidence<\/a>, le 22\u00a0juillet.<\/p>\n<p class=\"reading-mode-only \"><strong>Il vous reste 80.03% de cet article \u00e0 lire. La suite est r\u00e9serv\u00e9e aux abonn\u00e9s.<\/strong><\/p>\n","protected":false},"excerpt":{"rendered":"Le pr\u00e9sident ukrainien Volodymyr Zelenskyy assiste \u00e0 la session parlementaire \u00e0 Kiev, le jeudi 17\u00a0juillet 2025. VADYM SARAKHAN\/AP&hellip;\n","protected":false},"author":2,"featured_media":304810,"comment_status":"","ping_status":"","sticky":false,"template":"","format":"standard","meta":{"footnotes":""},"categories":[1586],"tags":[11,1777,674,1779,1011,27,12,25,1778,364],"class_list":{"0":"post-304809","1":"post","2":"type-post","3":"status-publish","4":"format-standard","5":"has-post-thumbnail","7":"category-europe","8":"tag-actualites","9":"tag-eu","10":"tag-europe","11":"tag-european-union","12":"tag-fr","13":"tag-france","14":"tag-news","15":"tag-republique-francaise","16":"tag-ue","17":"tag-union-europeenne"},"share_on_mastodon":{"url":"https:\/\/pubeurope.com\/@fr\/114992570934469852","error":""},"_links":{"self":[{"href":"https:\/\/www.europesays.com\/fr\/wp-json\/wp\/v2\/posts\/304809","targetHints":{"allow":["GET"]}}],"collection":[{"href":"https:\/\/www.europesays.com\/fr\/wp-json\/wp\/v2\/posts"}],"about":[{"href":"https:\/\/www.europesays.com\/fr\/wp-json\/wp\/v2\/types\/post"}],"author":[{"embeddable":true,"href":"https:\/\/www.europesays.com\/fr\/wp-json\/wp\/v2\/users\/2"}],"replies":[{"embeddable":true,"href":"https:\/\/www.europesays.com\/fr\/wp-json\/wp\/v2\/comments?post=304809"}],"version-history":[{"count":0,"href":"https:\/\/www.europesays.com\/fr\/wp-json\/wp\/v2\/posts\/304809\/revisions"}],"wp:featuredmedia":[{"embeddable":true,"href":"https:\/\/www.europesays.com\/fr\/wp-json\/wp\/v2\/media\/304810"}],"wp:attachment":[{"href":"https:\/\/www.europesays.com\/fr\/wp-json\/wp\/v2\/media?parent=304809"}],"wp:term":[{"taxonomy":"category","embeddable":true,"href":"https:\/\/www.europesays.com\/fr\/wp-json\/wp\/v2\/categories?post=304809"},{"taxonomy":"post_tag","embeddable":true,"href":"https:\/\/www.europesays.com\/fr\/wp-json\/wp\/v2\/tags?post=304809"}],"curies":[{"name":"wp","href":"https:\/\/api.w.org\/{rel}","templated":true}]}}