{"id":304811,"date":"2025-08-08T10:02:09","date_gmt":"2025-08-08T10:02:09","guid":{"rendered":"https:\/\/www.europesays.com\/fr\/304811\/"},"modified":"2025-08-08T10:02:09","modified_gmt":"2025-08-08T10:02:09","slug":"le-regret-de-francois-bayrou","status":"publish","type":"post","link":"https:\/\/www.europesays.com\/fr\/304811\/","title":{"rendered":"le regret de Fran\u00e7ois Bayrou"},"content":{"rendered":"<p><strong>INFO LE FIGARO &#8211; <\/strong>S\u2019il juge que la d\u00e9cision du Conseil constitutionnel s\u2019impose aux pouvoirs publics, le premier ministre d\u00e9plore l\u2019absence \u00abd\u2019\u00e9tude m\u00e9dicale ou scientifique\u00bb lors du d\u00e9bat l\u00e9gislatif pour justifier la r\u00e9introduction de l\u2019ac\u00e9tamipride.<\/p>\n<p class=\"fig-paragraph\">Fran\u00e7ois Bayrou se range derri\u00e8re la parole des Sages de la rue de Montpensier. Le premier ministre a pris note de la d\u00e9cision du<a href=\"http:\/\/www.lefigaro.fr\/politique\/loi-duplomb-le-conseil-constitutionnel-censure-la-reintroduction-du-pesticide-controverse-20250807\" data-fig-type=\"Article\" data-gtm-custom-categorie=\"navigation\" data-gtm-custom-action=\"crossclick\" data-gtm-custom-label=\"Contextuel\" data-gtm-event=\"customEventSPE\" data-fig-domain=\"LEFIGARO\" target=\"_blank\" rel=\"noopener\">\u00a0Conseil Constitutionnel de censurer, jeudi, la r\u00e9introduction de l\u2019ac\u00e9tamipride<\/a>, pesticide controvers\u00e9, pr\u00e9vue par la loi Duplomb. \u00abLes d\u00e9cisions du Conseil Constitutionnel ne sont susceptibles d\u2019aucun recours, r\u00e9agit Fran\u00e7ois Bayrou au Figaro. Elles s\u2019imposent aux pouvoirs publics et \u00e0 toutes les autorit\u00e9s administratives\u00bb. Un rappel qui intervient alors que<a href=\"http:\/\/www.lefigaro.fr\/politique\/censure-partielle-de-la-loi-duplomb-la-gauche-salue-une-victoire-le-rn-crie-au-scandale-20250807\" data-fig-type=\"NewsFlash\" data-gtm-custom-categorie=\"navigation\" data-gtm-custom-action=\"crossclick\" data-gtm-custom-label=\"Contextuel\" data-gtm-event=\"customEventSPE\" data-fig-domain=\"LEFIGARO\" target=\"_blank\" rel=\"noopener\">\u00a0plusieurs voix, notamment \u00e0 droite, ont d\u00e9nonc\u00e9 la d\u00e9cision<\/a>\u00a0des Sages qui \u00abne d\u00e9tiennent pas de l\u00e9gitimit\u00e9 d\u00e9mocratique\u00bb d\u2019apr\u00e8s Marine Le\u00a0Pen.<\/p>\n<p class=\"fig-body-link\">\n            \u00c0 lire aussi<br \/>\n        <a class=\"fig-body-link__link\" href=\"http:\/\/www.lefigaro.fr\/actualite-france\/pas-d-acetamipride-role-de-l-anses-elevage-intensif-ce-qu-il-faut-retenir-des-points-cles-de-la-loi-duplomb-20250807\" data-fig-type=\"NewsFlash\" data-gtm-custom-categorie=\"navigation\" data-gtm-custom-action=\"crossclick\" data-gtm-custom-label=\"Contextuel\" data-gtm-event=\"customEventSPE\" data-fig-domain=\"LEFIGARO\" target=\"_blank\" rel=\"noopener\">Loi Duplomb\u00a0: ce qu\u2019il faut retenir des points cl\u00e9s du texte apr\u00e8s la censure partielle<br \/>\n    <\/a>\n<\/p>\n<p class=\"fig-paragraph\">Le locataire de Matignon n\u2019a, lui, exprim\u00e9 \u00abqu\u2019un seul regret\u00bb\u00a0: que \u00abtout au long du processus l\u00e9gislatif, il n\u2019ait pas \u00e9t\u00e9 donn\u00e9 la priorit\u00e9 \u00e0 une \u00e9tude m\u00e9dicale et scientifique\u00bb. Selon lui, cela \u00abaurait permis de comprendre pourquoi ce produit est autoris\u00e9 dans tous les pays europ\u00e9ens, et dans tous les pays du monde\u00bb, alors que<a href=\"https:\/\/www.lefigaro.fr\/sciences\/loi-duplomb-ce-que-dit-l-ue-sur-l-acetamipride-interdit-en-france-mais-toujours-autorise-par-bruxelles-20250722?msockid=15e437e02a38699508ac21fb2b8c6829\" target=\"_blank\" data-fig-type=\"Article\" rel=\"sponsored noopener\" data-gtm-custom-categorie=\"navigation\" data-gtm-custom-action=\"crossclick\" data-gtm-custom-label=\"Contextuel\" data-gtm-event=\"customEventSPE\" data-fig-domain=\"LEFIGARO\">\u00a0la France reste l\u2019unique membre de l\u2019UE qui interdit l\u2019utilisation de l\u2019ac\u00e9tamipride sur son sol.<\/a><\/p>\n<p>                                    <a class=\"fig-a11y-skip a11y-hidden\" href=\"#fig-a11y-skip-main-inarticle\"><br \/>\n        Passer la publicit\u00e9<br \/>\n    <\/a><\/p>\n<p class=\"fig-paragraph\">Arnaud Rousseau, pr\u00e9sident de la FNSEA, premier syndicat agricole, \u00aba pris acte\u00bb d\u2019une d\u00e9cision qui marque \u00abl\u2019abandon\u00bb de certaines fili\u00e8res de l\u2019agriculture fran\u00e7aise alors m\u00eame que la d\u00e9pendance aux produits \u00e9trangers \u00abs\u2019accentue\u00bb. La Coordination Rurale d\u00e9nonce, elle, une d\u00e9cision \u00abqui aura des cons\u00e9quences dramatiques\u00bb. Face \u00e0 cette col\u00e8re attendue, Fran\u00e7ois Bayrou estime que l\u2019enjeu est d\u00e9sormais \u00abd\u2019\u00eatre efficacement pr\u00e9sent aupr\u00e8s des fili\u00e8res menac\u00e9es et qui se retrouvent sans solutions\u00bb.<\/p>\n","protected":false},"excerpt":{"rendered":"INFO LE FIGARO &#8211; S\u2019il juge que la d\u00e9cision du Conseil constitutionnel s\u2019impose aux pouvoirs publics, le premier&hellip;\n","protected":false},"author":2,"featured_media":304812,"comment_status":"","ping_status":"","sticky":false,"template":"","format":"standard","meta":{"footnotes":""},"categories":[2],"tags":[11,39211,1011,27,431,12,25],"class_list":{"0":"post-304811","1":"post","2":"type-post","3":"status-publish","4":"format-standard","5":"has-post-thumbnail","7":"category-actualites","8":"tag-actualites","9":"tag-conseil-constitutionnel","10":"tag-fr","11":"tag-france","12":"tag-francois-bayrou","13":"tag-news","14":"tag-republique-francaise"},"share_on_mastodon":{"url":"https:\/\/pubeurope.com\/@fr\/114992574931221843","error":""},"_links":{"self":[{"href":"https:\/\/www.europesays.com\/fr\/wp-json\/wp\/v2\/posts\/304811","targetHints":{"allow":["GET"]}}],"collection":[{"href":"https:\/\/www.europesays.com\/fr\/wp-json\/wp\/v2\/posts"}],"about":[{"href":"https:\/\/www.europesays.com\/fr\/wp-json\/wp\/v2\/types\/post"}],"author":[{"embeddable":true,"href":"https:\/\/www.europesays.com\/fr\/wp-json\/wp\/v2\/users\/2"}],"replies":[{"embeddable":true,"href":"https:\/\/www.europesays.com\/fr\/wp-json\/wp\/v2\/comments?post=304811"}],"version-history":[{"count":0,"href":"https:\/\/www.europesays.com\/fr\/wp-json\/wp\/v2\/posts\/304811\/revisions"}],"wp:featuredmedia":[{"embeddable":true,"href":"https:\/\/www.europesays.com\/fr\/wp-json\/wp\/v2\/media\/304812"}],"wp:attachment":[{"href":"https:\/\/www.europesays.com\/fr\/wp-json\/wp\/v2\/media?parent=304811"}],"wp:term":[{"taxonomy":"category","embeddable":true,"href":"https:\/\/www.europesays.com\/fr\/wp-json\/wp\/v2\/categories?post=304811"},{"taxonomy":"post_tag","embeddable":true,"href":"https:\/\/www.europesays.com\/fr\/wp-json\/wp\/v2\/tags?post=304811"}],"curies":[{"name":"wp","href":"https:\/\/api.w.org\/{rel}","templated":true}]}}