{"id":304819,"date":"2025-08-08T10:07:18","date_gmt":"2025-08-08T10:07:18","guid":{"rendered":"https:\/\/www.europesays.com\/fr\/304819\/"},"modified":"2025-08-08T10:07:18","modified_gmt":"2025-08-08T10:07:18","slug":"will-skelton-avec-les-wallabies","status":"publish","type":"post","link":"https:\/\/www.europesays.com\/fr\/304819\/","title":{"rendered":"Will Skelton avec les Wallabies !"},"content":{"rendered":"\n<p>    Will Skelton avec les Wallabies ! | Stade Rochelais<\/p>\n<p>&#13;<\/p>\n<p>            Main site navigation<\/p>\n<p>         Le colosse australien poursuit avec sa s\u00e9lection et partira en Afrique du Sud pour pr\u00e9parer les deux rencontres face aux Springboks \u00e0 l&rsquo;occasion du Rugby Championship.&#13;<\/p>\n<p>      <img decoding=\"async\" src=\"https:\/\/www.europesays.com\/fr\/wp-content\/uploads\/2025\/06\/logo-secondary.png\" alt=\"Stade Rochelais\"\/>   <\/p>\n","protected":false},"excerpt":{"rendered":"Will Skelton avec les Wallabies ! | Stade Rochelais &#13; Main site navigation Le colosse australien poursuit avec&hellip;\n","protected":false},"author":2,"featured_media":188147,"comment_status":"","ping_status":"","sticky":false,"template":"","format":"standard","meta":{"footnotes":""},"categories":[1416],"tags":[1011,27,479,1468,60],"class_list":{"0":"post-304819","1":"post","2":"type-post","3":"status-publish","4":"format-standard","5":"has-post-thumbnail","7":"category-rugby","8":"tag-fr","9":"tag-france","10":"tag-rugby","11":"tag-rugby-football","12":"tag-sports"},"share_on_mastodon":{"url":"https:\/\/pubeurope.com\/@fr\/114992594609131044","error":""},"_links":{"self":[{"href":"https:\/\/www.europesays.com\/fr\/wp-json\/wp\/v2\/posts\/304819","targetHints":{"allow":["GET"]}}],"collection":[{"href":"https:\/\/www.europesays.com\/fr\/wp-json\/wp\/v2\/posts"}],"about":[{"href":"https:\/\/www.europesays.com\/fr\/wp-json\/wp\/v2\/types\/post"}],"author":[{"embeddable":true,"href":"https:\/\/www.europesays.com\/fr\/wp-json\/wp\/v2\/users\/2"}],"replies":[{"embeddable":true,"href":"https:\/\/www.europesays.com\/fr\/wp-json\/wp\/v2\/comments?post=304819"}],"version-history":[{"count":0,"href":"https:\/\/www.europesays.com\/fr\/wp-json\/wp\/v2\/posts\/304819\/revisions"}],"wp:featuredmedia":[{"embeddable":true,"href":"https:\/\/www.europesays.com\/fr\/wp-json\/wp\/v2\/media\/188147"}],"wp:attachment":[{"href":"https:\/\/www.europesays.com\/fr\/wp-json\/wp\/v2\/media?parent=304819"}],"wp:term":[{"taxonomy":"category","embeddable":true,"href":"https:\/\/www.europesays.com\/fr\/wp-json\/wp\/v2\/categories?post=304819"},{"taxonomy":"post_tag","embeddable":true,"href":"https:\/\/www.europesays.com\/fr\/wp-json\/wp\/v2\/tags?post=304819"}],"curies":[{"name":"wp","href":"https:\/\/api.w.org\/{rel}","templated":true}]}}