{"id":304820,"date":"2025-08-08T10:08:15","date_gmt":"2025-08-08T10:08:15","guid":{"rendered":"https:\/\/www.europesays.com\/fr\/304820\/"},"modified":"2025-08-08T10:08:15","modified_gmt":"2025-08-08T10:08:15","slug":"wta-montreal-naomi-osaka-sexcuse-mais-ca-ne-pardonne-pas-tout-jai-completement-oublie-de-la-feliciter-sur-le-court","status":"publish","type":"post","link":"https:\/\/www.europesays.com\/fr\/304820\/","title":{"rendered":"WTA &#8211; Montr\u00e9al > Naomi Osaka s&rsquo;excuse, mais \u00e7a ne pardonne pas tout : \u00ab J&rsquo;ai compl\u00e8tement oubli\u00e9 de la f\u00e9liciter sur le court \u00bb"},"content":{"rendered":"<p>Naomi Osaka r\u00eavait de retrouver le go\u00fbt d\u2019un grand titre, mais cette nuit, malgr\u00e9 le gain du premier set, elle n\u2019a pas tenu la distance <a href=\"https:\/\/www.welovetennis.fr\/wta\/wta-montreal\/victoria-mboko-comme-dans-un-conte-de-fee-cela-ma-semble-irreel-je-naurais-jamais-imagine-que-quelque-chose-comme-ca-puisse-arriver\" data-wpel-link=\"internal\" target=\"_blank\" rel=\"noopener\">face \u00e0 la sensa\u00adtion\u00adnelle Victoria Mboko<\/a> (6\u22122, 4\u20136, 1\u20136).<\/p>\n<p>Une d\u00e9faite que la Japonaise a visi\u00adble\u00adment eu du mal \u00e0 avaler sur le moment, puisque son discours sur le court \u00e0 \u00e9t\u00e9 tr\u00e8s bref, et elle a m\u00eame zapp\u00e9 la conf\u00e9\u00adrence de presse. Probl\u00e8me, Osaka n\u2019a m\u00eame pas f\u00e9li\u00adcit\u00e9 son adver\u00adsaire. Elle a ensuite rattrap\u00e9 le coup avec une d\u00e9cla\u00adra\u00adtion tardive, mais l\u2019at\u00adti\u00adtude de d\u00e9part n\u2019en reste pas moins d\u00e9plorable.<\/p>\n<blockquote class=\"twitter-tweet\">\n<p lang=\"en\" dir=\"ltr\">Naomi Osaka says she forgot to congra\u00adtu\u00adlate Victoria Mboko on the court during the trophy cere\u00admony after the Montreal final <\/p>\n<p>\u201cObviously it\u2019s not the result you would have wanted today, but it\u2019s been such an incre\u00addible week. You know, back in a 1000 final, and like you were\u2026 <a href=\"https:\/\/t.co\/wGrp9f43hB\" data-wpel-link=\"external\" target=\"_blank\" rel=\"nofollow external noopener\">pic.twitter.com\/wGrp9f43hB<\/a><\/p>\n<p>\u2014 The Tennis Letter (@TheTennisLetter) <a href=\"https:\/\/twitter.com\/TheTennisLetter\/status\/1953659363547394404?ref_src=twsrc%5Etfw\" data-wpel-link=\"external\" target=\"_blank\" rel=\"nofollow external noopener\">August 8,\u00a02025<\/a><\/p><\/blockquote>\n<p><strong>\u00ab\u202fJe trouve \u00e7a un peu dr\u00f4le. Ce matin, j\u2019\u00e9tais tr\u00e8s recon\u00adnais\u00adsante. Je ne sais pas pour\u00adquoi mes \u00e9motions ont chang\u00e9 si rapi\u00adde\u00adment, mais je suis vrai\u00adment heureuse d\u2019avoir jou\u00e9 la finale. Je pense que Victoria a vrai\u00adment bien jou\u00e9. J\u2019ai compl\u00e8\u00adte\u00adment oubli\u00e9 de la f\u00e9li\u00adciter sur le court. Oui, je veux dire, elle a \u00e9t\u00e9 vrai\u00adment incroyable.\u202f\u00bb<\/strong><\/p>\n<p class=\"post-published-date\" style=\"color: silver; font-size: 75%; text-align: left;\">Publi\u00e9 le vendredi 8 ao\u00fbt 2025 \u00e0 09:45<\/p>\n<p><script async src=\"https:\/\/platform.twitter.com\/widgets.js\" charset=\"utf-8\"><\/script><\/p>\n","protected":false},"excerpt":{"rendered":"Naomi Osaka r\u00eavait de retrouver le go\u00fbt d\u2019un grand titre, mais cette nuit, malgr\u00e9 le gain du premier&hellip;\n","protected":false},"author":2,"featured_media":304821,"comment_status":"","ping_status":"","sticky":false,"template":"","format":"standard","meta":{"footnotes":""},"categories":[1415],"tags":[1011,27,43024,8447,60,1467],"class_list":{"0":"post-304820","1":"post","2":"type-post","3":"status-publish","4":"format-standard","5":"has-post-thumbnail","7":"category-tennis","8":"tag-fr","9":"tag-france","10":"tag-mboko","11":"tag-osaka","12":"tag-sports","13":"tag-tennis"},"share_on_mastodon":{"url":"https:\/\/pubeurope.com\/@fr\/114992598395698927","error":""},"_links":{"self":[{"href":"https:\/\/www.europesays.com\/fr\/wp-json\/wp\/v2\/posts\/304820","targetHints":{"allow":["GET"]}}],"collection":[{"href":"https:\/\/www.europesays.com\/fr\/wp-json\/wp\/v2\/posts"}],"about":[{"href":"https:\/\/www.europesays.com\/fr\/wp-json\/wp\/v2\/types\/post"}],"author":[{"embeddable":true,"href":"https:\/\/www.europesays.com\/fr\/wp-json\/wp\/v2\/users\/2"}],"replies":[{"embeddable":true,"href":"https:\/\/www.europesays.com\/fr\/wp-json\/wp\/v2\/comments?post=304820"}],"version-history":[{"count":0,"href":"https:\/\/www.europesays.com\/fr\/wp-json\/wp\/v2\/posts\/304820\/revisions"}],"wp:featuredmedia":[{"embeddable":true,"href":"https:\/\/www.europesays.com\/fr\/wp-json\/wp\/v2\/media\/304821"}],"wp:attachment":[{"href":"https:\/\/www.europesays.com\/fr\/wp-json\/wp\/v2\/media?parent=304820"}],"wp:term":[{"taxonomy":"category","embeddable":true,"href":"https:\/\/www.europesays.com\/fr\/wp-json\/wp\/v2\/categories?post=304820"},{"taxonomy":"post_tag","embeddable":true,"href":"https:\/\/www.europesays.com\/fr\/wp-json\/wp\/v2\/tags?post=304820"}],"curies":[{"name":"wp","href":"https:\/\/api.w.org\/{rel}","templated":true}]}}