{"id":304830,"date":"2025-08-08T10:14:11","date_gmt":"2025-08-08T10:14:11","guid":{"rendered":"https:\/\/www.europesays.com\/fr\/304830\/"},"modified":"2025-08-08T10:14:11","modified_gmt":"2025-08-08T10:14:11","slug":"jennifer-lopez-refoulee-a-lentree-dune-boutique-de-luxe-a-istanbul-sa-reaction-va-vous-surprendre","status":"publish","type":"post","link":"https:\/\/www.europesays.com\/fr\/304830\/","title":{"rendered":"Jennifer Lopez refoul\u00e9e \u00e0 l&rsquo;entr\u00e9e d&rsquo;une boutique de luxe \u00e0 Istanbul, sa r\u00e9action va vous surprendre"},"content":{"rendered":"<p>On peut s&rsquo;appeler <strong>Jennifer Lopez<\/strong>, \u00eatre \u00e0 la fois une actrice et chanteuse de renomm\u00e9e plan\u00e9taire et&#8230; se faire fermer la porte au nez d&rsquo;un magasin de luxe comme une simple cliente lambda. Bon, rien de grave, elle n&rsquo;a souffert d&rsquo;aucun bobo physique. C&rsquo;est peut-\u00eatre juste son ego qui en a pris un petit coup. Mais que s&rsquo;est-il pass\u00e9 au juste ?<\/p>\n<p>Jennifer Lopez humili\u00e9e&#8230; mais digne<\/p>\n<p>Lors de son passage \u00e0 Istanbul, en Turquie, le lundi 4 ao\u00fbt dernier (elle y donnait un concert le lendemain), J.Lo, 56 ans, v\u00eatue d&rsquo;un ensemble rose poudr\u00e9 assorti \u00e0 ses lunettes, s&rsquo;est offert une petite balade shopping \u00e0 \u0130stinye Park, l&rsquo;un des centres commerciaux les plus chics de la ville. Mais quand l&rsquo;interpr\u00e8te de Can&rsquo;t Get Enough s&rsquo;est arr\u00eat\u00e9e devant la <strong>boutique d&rsquo;une marque de luxe fran\u00e7aise<\/strong>, elle s&rsquo;est fait recaler, raconte la presse locale. Et \u00e7a n&rsquo;a pas du lui arriver tr\u00e8s souvent dans sa vie. La raison ? \u00ab\u00a0C&rsquo;est complet\u00a0\u00bb, lui a expliqu\u00e9 l&rsquo;agent de s\u00e9curit\u00e9 \u00e0 l&rsquo;entr\u00e9e. Qui n&rsquo;avait apparemment pas reconnu l&rsquo;une des femmes les plus c\u00e9l\u00e8bres de la plan\u00e8te &#8211; parce que m\u00eame si la boutique \u00e9tait blind\u00e9e de monde, pour elle, on aurait sans doute fait un petit peu de place. Et que croyez-vous qu&rsquo;il arriva ? <strong>Elle a cri\u00e9, pleur\u00e9, s&rsquo;est mise en p\u00e9tard<\/strong> ? Pas du tout. La reine J.Lo n&rsquo;a pas bronch\u00e9. Elle a simplement r\u00e9pondu \u00ab\u00a0d&rsquo;accord, pas de probl\u00e8me\u00a0\u00bb, avant de rebrousser chemin, d&rsquo;un pas l\u00e9ger et la t\u00eate haute.<\/p>\n<p>Fallait pas la recaler<\/p>\n<p>Petite boulette, grosses cons\u00e9quences. (&#8230;)<\/p>\n<p><a href=\"https:\/\/www.grazia.fr\/people\/jennifer-lopez-refoulee-a-lentree-dune-boutique-de-luxe-a-istanbul-sa-reaction-va-vous-surprendre-1178373.html?utm_campaign=partenariat&amp;utm_source=yahoo-articles&amp;utm_medium=flux\" rel=\"nofollow noopener\" target=\"_blank\" data-ylk=\"slk:Lire la suite sur Grazia;elm:context_link;itc:0;sec:content-canvas\" class=\"link \">Lire la suite sur Grazia<\/a><\/p>\n<p><a href=\"https:\/\/www.grazia.fr\/people\/dean-cain-de-super-heros-a-super-facho-la-reconversion-inattendue-de-lancien-superman-des-annees-90-798997.html?utm_campaign=partenariat&amp;utm_source=yahoo-articles&amp;utm_medium=flux\" rel=\"nofollow noopener\" target=\"_blank\" data-ylk=\"slk:Dean Cain, de super-h\u00e9ros \u00e0 super-facho, la reconversion inattendue de l&#039;ancien Superman des ann\u00e9es 90;elm:context_link;itc:0;sec:content-canvas\" class=\"link \">Dean Cain, de super-h\u00e9ros \u00e0 super-facho, la reconversion inattendue de l&rsquo;ancien Superman des ann\u00e9es 90<\/a><br \/><a href=\"https:\/\/www.grazia.fr\/beaute\/parfum\/faustine-bollaert-46-ans-ne-jure-que-par-ce-parfum-floral-et-aerien-dont-elle-ne-peut-plus-se-passer-1178315.html?utm_campaign=partenariat&amp;utm_source=yahoo-articles&amp;utm_medium=flux\" rel=\"nofollow noopener\" target=\"_blank\" data-ylk=\"slk:Faustine Bollaert (46 ans) ne jure que par ce parfum floral et a\u00e9rien dont elle ne peut plus se passer;elm:context_link;itc:0;sec:content-canvas\" class=\"link \">Faustine Bollaert (46 ans) ne jure que par ce parfum floral et a\u00e9rien dont elle ne peut plus se passer<\/a><br \/><a href=\"https:\/\/www.grazia.fr\/people\/la-triste-nouvelle-ou-pas-jacob-elordi-a-rompu-avec-olivia-jade-1178359.html?utm_campaign=partenariat&amp;utm_source=yahoo-articles&amp;utm_medium=flux\" rel=\"nofollow noopener\" target=\"_blank\" data-ylk=\"slk:C&#039;est termin\u00e9, Jacob Elordi et Olivia Jade mettent fin \u00e0 leur histoire d&#039;amour;elm:context_link;itc:0;sec:content-canvas\" class=\"link \">C&rsquo;est termin\u00e9, Jacob Elordi et Olivia Jade mettent fin \u00e0 leur histoire d&rsquo;amour<\/a><br \/><a href=\"https:\/\/www.grazia.fr\/lifestyle\/voyages\/a-30-min-de-paris-cette-plage-gratuite-cachee-en-foret-offre-un-spot-fraicheur-ideal-1176036.html?utm_campaign=partenariat&amp;utm_source=yahoo-articles&amp;utm_medium=flux\" rel=\"nofollow noopener\" target=\"_blank\" data-ylk=\"slk:\u00c0 30 min de Paris, cette plage gratuite cach\u00e9e en for\u00eat offre un spot fra\u00eecheur id\u00e9al;elm:context_link;itc:0;sec:content-canvas\" class=\"link \">\u00c0 30 min de Paris, cette plage gratuite cach\u00e9e en for\u00eat offre un spot fra\u00eecheur id\u00e9al<\/a><br \/><a href=\"https:\/\/www.grazia.fr\/fashion-week\/news-fashion-week\/une-spiritualite-dans-chaque-couture-iamisigo-la-mode-habitee-saluee-par-le-zalando-visionary-award-2025-1177925.html?utm_campaign=partenariat&amp;utm_source=yahoo-articles&amp;utm_medium=flux\" rel=\"nofollow noopener\" target=\"_blank\" data-ylk=\"slk:&quot;Une spiritualit\u00e9 dans chaque couture&quot; : Iamisigo, la mode habit\u00e9e salu\u00e9e par le Zalando Visionary Award 2025;elm:context_link;itc:0;sec:content-canvas\" class=\"link \">\u00ab\u00a0Une spiritualit\u00e9 dans chaque couture\u00a0\u00bb : Iamisigo, la mode habit\u00e9e salu\u00e9e par le Zalando Visionary Award 2025<\/a><\/p>\n","protected":false},"excerpt":{"rendered":"On peut s&rsquo;appeler Jennifer Lopez, \u00eatre \u00e0 la fois une actrice et chanteuse de renomm\u00e9e plan\u00e9taire et&#8230; se&hellip;\n","protected":false},"author":2,"featured_media":304831,"comment_status":"","ping_status":"","sticky":false,"template":"","format":"standard","meta":{"footnotes":""},"categories":[1359],"tags":[58,59,1011,27,44464,3931,41632,973,44465],"class_list":{"0":"post-304830","1":"post","2":"type-post","3":"status-publish","4":"format-standard","5":"has-post-thumbnail","7":"category-people","8":"tag-divertissement","9":"tag-entertainment","10":"tag-fr","11":"tag-france","12":"tag-j-lo","13":"tag-jennifer-lopez","14":"tag-pas-de-probleme","15":"tag-people","16":"tag-un-petit-peu"},"share_on_mastodon":{"url":"https:\/\/pubeurope.com\/@fr\/114992622099442215","error":""},"_links":{"self":[{"href":"https:\/\/www.europesays.com\/fr\/wp-json\/wp\/v2\/posts\/304830","targetHints":{"allow":["GET"]}}],"collection":[{"href":"https:\/\/www.europesays.com\/fr\/wp-json\/wp\/v2\/posts"}],"about":[{"href":"https:\/\/www.europesays.com\/fr\/wp-json\/wp\/v2\/types\/post"}],"author":[{"embeddable":true,"href":"https:\/\/www.europesays.com\/fr\/wp-json\/wp\/v2\/users\/2"}],"replies":[{"embeddable":true,"href":"https:\/\/www.europesays.com\/fr\/wp-json\/wp\/v2\/comments?post=304830"}],"version-history":[{"count":0,"href":"https:\/\/www.europesays.com\/fr\/wp-json\/wp\/v2\/posts\/304830\/revisions"}],"wp:featuredmedia":[{"embeddable":true,"href":"https:\/\/www.europesays.com\/fr\/wp-json\/wp\/v2\/media\/304831"}],"wp:attachment":[{"href":"https:\/\/www.europesays.com\/fr\/wp-json\/wp\/v2\/media?parent=304830"}],"wp:term":[{"taxonomy":"category","embeddable":true,"href":"https:\/\/www.europesays.com\/fr\/wp-json\/wp\/v2\/categories?post=304830"},{"taxonomy":"post_tag","embeddable":true,"href":"https:\/\/www.europesays.com\/fr\/wp-json\/wp\/v2\/tags?post=304830"}],"curies":[{"name":"wp","href":"https:\/\/api.w.org\/{rel}","templated":true}]}}