{"id":304832,"date":"2025-08-08T10:15:11","date_gmt":"2025-08-08T10:15:11","guid":{"rendered":"https:\/\/www.europesays.com\/fr\/304832\/"},"modified":"2025-08-08T10:15:11","modified_gmt":"2025-08-08T10:15:11","slug":"artiste-mexicaine-etudiante-erudite-frida-kahlo-la-fillette-moquee-puis-sauvee-par-la-peinture","status":"publish","type":"post","link":"https:\/\/www.europesays.com\/fr\/304832\/","title":{"rendered":"Artiste mexicaine, \u00e9tudiante \u00e9rudite&#8230; Frida Kahlo, la fillette moqu\u00e9e puis sauv\u00e9e par la peinture"},"content":{"rendered":"<p data-module=\"fig-standfirst-editorial-episode\" data-context=\"@media (min-width:48em)\">Fille d\u2019un photographe lecteur \u00e9rudit, l\u2019ap\u00f4tre du \u00ab\u00a0mexicanisme\u00a0\u00bb forgea sa forte personnalit\u00e9 durant son enfance marqu\u00e9e par la polio et un grave accident. C\u2019est ce dernier qui d\u00e9clencha son besoin de peindre.<\/p>\n<p class=\"fig-paragraph fig-paragraph--dropped\">Frida, c\u2019est un pr\u00e9nom allemand, qui veut dire \u00ab\u00a0la paix\u00a0\u00bb en terre germanique ou scandinave, et qui va devenir le symbole du mexicanisme, ce mouvement artistique et culturel du Mexique valorisant les h\u00e9ritages pr\u00e9colombiens.\u00a0Frida Kahlo\u00a0(1907-1954), c\u2019est une artiste farouchement mexicaine, la muse et la gloire de la Casa Azul, sa maison natale de Mexico devenue son mus\u00e9e aux murs bleu outremer. Son r\u00e9alisme magique s\u2019est impos\u00e9 dans un monde encore \u00e0 dominante masculine, compos\u00e9 de peintres et de muralistes, comme son grand amour\u00a0<a href=\"https:\/\/www.lefigaro.fr\/culture\/encheres\/2018\/05\/10\/03016-20180510ARTFIG00160-record-pour-un-tableau-du-peintre-diego-rivera-vendu-pres-de-dix-millions-de-dollars.php\" data-fig-type=\"Article\" data-gtm-custom-categorie=\"navigation\" data-gtm-custom-action=\"crossclick\" data-gtm-custom-label=\"Contextuel\" data-gtm-event=\"customEventSPE\" data-fig-domain=\"LEFIGARO\" target=\"_blank\" rel=\"noopener\">Diego Rivera\u00a0<\/a>(1886-1957). Ce petit bout de femme a d\u00e9pass\u00e9 par sa po\u00e9sie et sa franche libert\u00e9 les conventions sociales de son temps et les stricts codes europ\u00e9ens du\u00a0<a href=\"https:\/\/www.lefigaro.fr\/arts-expositions\/exposition-au-centre-pompidou-un-centenaire-de-reve-pour-le-surrealisme-20240902\" data-fig-type=\"Article\" data-gtm-custom-categorie=\"navigation\" data-gtm-custom-action=\"crossclick\" data-gtm-custom-label=\"Contextuel\" data-gtm-event=\"customEventSPE\" data-fig-domain=\"LEFIGARO\" target=\"_blank\" rel=\"noopener\">surr\u00e9alisme<\/a>. Une femme volontaire en amour comme en art. Ses autoportraits au fameux monosourcil sont autant de messages visuels de son inconscient sauvage laiss\u00e9s \u00e0 son public, fascin\u00e9 par ses mariages entre arts populaires, introspection et obstination du motif.<\/p>\n<p class=\"fig-paragraph fig-paragraph--dropped\">Frida, c\u2019est aussi l\u2019histoire\u2026<\/p>\n<p class=\"fig-premium-paywall__infos\">\n        Cet article est r\u00e9serv\u00e9 aux abonn\u00e9s.        Il vous reste 90% \u00e0 d\u00e9couvrir.\n    <\/p>\n<p>                <img  data- alt=\"Le Figaro\" class=\"fig-img--complete fig-img\"\/><\/p>\n<p class=\"fig-premium-paywall__title\">Vous avez envie de lire la suite ?<\/p>\n<p class=\"fig-premium-paywall__subtitle\">D\u00e9bloquez tous les articles imm\u00e9diatement.<\/p>\n<p class=\"fig-premium-paywall__connect\">\n                D\u00e9j\u00e0 abonn\u00e9\u00a0?                <a class=\"fig-premium-paywall__connect-link\" href=\"https:\/\/connect.lefigaro.fr\/login?client=horizon_web&amp;type=main&amp;redirect_uri=https%3A%2F%2Fwww.lefigaro.fr%2Farts-expositions%2Fartiste-mexicaine-etudiante-erudite-frida-kahlo-la-fillette-moquee-puis-sauvee-par-la-peinture-20250808\" data-js-gtm=\"{&quot;customCategorie&quot;: &quot;conversion&quot;, &quot;customAction&quot;: &quot;before_Landing_Connexion_paywall_auto&quot;, &quot;customLabel&quot;: &quot;bGVmaWdhcm8uZnJfXzFmMDM0YmUzLTBiMjMtNmEwOC04YjNmLTI5MDM5ODBhYzY1NF9fQXJ0aWNsZQ==_Artiste mexicaine, \u00e9tudiante \u00e9rudite... Frida Kahlo, la fillette moqu\u00e9e puis sauv\u00e9e par la peinture_26&quot;, &quot;customIDSPE&quot;: &quot;bGVmaWdhcm8uZnJfXzFmMDM0YmUzLTBiMjMtNmEwOC04YjNmLTI5MDM5ODBhYzY1NF9fQXJ0aWNsZQ==&quot;, &quot;event&quot;: &quot;customEventSPE&quot;}\" target=\"_blank\" rel=\"noopener\"><br \/>\n                    Connectez-vous<br \/>\n                <\/a>\n            <\/p>\n","protected":false},"excerpt":{"rendered":"Fille d\u2019un photographe lecteur \u00e9rudit, l\u2019ap\u00f4tre du \u00ab\u00a0mexicanisme\u00a0\u00bb forgea sa forte personnalit\u00e9 durant son enfance marqu\u00e9e par la&hellip;\n","protected":false},"author":2,"featured_media":304833,"comment_status":"","ping_status":"","sticky":false,"template":"","format":"standard","meta":{"footnotes":""},"categories":[1358],"tags":[3734,1348,1384,1385,1386,58,10777,59,1011,27,44466,5697,44467],"class_list":{"0":"post-304832","1":"post","2":"type-post","3":"status-publish","4":"format-standard","5":"has-post-thumbnail","7":"category-arts-et-design","8":"tag-art","9":"tag-arts","10":"tag-arts-and-design","11":"tag-arts-et-design","12":"tag-design","13":"tag-divertissement","14":"tag-enfance","15":"tag-entertainment","16":"tag-fr","17":"tag-france","18":"tag-frida-kahlo","19":"tag-mexique","20":"tag-surrealisme"},"share_on_mastodon":{"url":"https:\/\/pubeurope.com\/@fr\/114992626033880763","error":""},"_links":{"self":[{"href":"https:\/\/www.europesays.com\/fr\/wp-json\/wp\/v2\/posts\/304832","targetHints":{"allow":["GET"]}}],"collection":[{"href":"https:\/\/www.europesays.com\/fr\/wp-json\/wp\/v2\/posts"}],"about":[{"href":"https:\/\/www.europesays.com\/fr\/wp-json\/wp\/v2\/types\/post"}],"author":[{"embeddable":true,"href":"https:\/\/www.europesays.com\/fr\/wp-json\/wp\/v2\/users\/2"}],"replies":[{"embeddable":true,"href":"https:\/\/www.europesays.com\/fr\/wp-json\/wp\/v2\/comments?post=304832"}],"version-history":[{"count":0,"href":"https:\/\/www.europesays.com\/fr\/wp-json\/wp\/v2\/posts\/304832\/revisions"}],"wp:featuredmedia":[{"embeddable":true,"href":"https:\/\/www.europesays.com\/fr\/wp-json\/wp\/v2\/media\/304833"}],"wp:attachment":[{"href":"https:\/\/www.europesays.com\/fr\/wp-json\/wp\/v2\/media?parent=304832"}],"wp:term":[{"taxonomy":"category","embeddable":true,"href":"https:\/\/www.europesays.com\/fr\/wp-json\/wp\/v2\/categories?post=304832"},{"taxonomy":"post_tag","embeddable":true,"href":"https:\/\/www.europesays.com\/fr\/wp-json\/wp\/v2\/tags?post=304832"}],"curies":[{"name":"wp","href":"https:\/\/api.w.org\/{rel}","templated":true}]}}