{"id":304834,"date":"2025-08-08T10:16:16","date_gmt":"2025-08-08T10:16:16","guid":{"rendered":"https:\/\/www.europesays.com\/fr\/304834\/"},"modified":"2025-08-08T10:16:16","modified_gmt":"2025-08-08T10:16:16","slug":"bd-jeunesse-et-musique-a-limaginarium","status":"publish","type":"post","link":"https:\/\/www.europesays.com\/fr\/304834\/","title":{"rendered":"Bd, jeunesse et musique \u00e0 l&rsquo;Imaginarium"},"content":{"rendered":"<p>            Par<br \/>\n        <strong><br \/>\n            <a href=\"https:\/\/actu.fr\/auteur\/journaliste-rg\" title=\"Consulter tous les articles de R\u00e9daction Pontoise\" rel=\"nofollow noopener\" target=\"_blank\">R\u00e9daction Pontoise<\/a><br \/>\n        <\/strong><\/p>\n<p>        Publi\u00e9 le<\/p>\n<p>            8 ao\u00fbt 2025 \u00e0 11h46        <\/p>\n<p>\u00ab\u00a0Il n\u2019y a pas de mauvaise lecture. La lecture, c\u2019est pour tout le monde\u00a0\u00bb, affirme Ali\u00e9nor, libraire depuis cinq ans \u00e0 L\u2019Imaginarium, \u00e0 <a href=\"https:\/\/actu.fr\/ile-de-france\/l-isle-adam_95313\" rel=\"nofollow noopener\" target=\"_blank\">L\u2019Isle-Adam<\/a> (<b>Val-d\u2019Oise<\/b>).<\/p>\n<p class=\" wall-content\">V\u00e9ritable repaire pour les fans de lecture, on y retrouve plusieurs types de livres : <b>bandes dessin\u00e9es, mangas, romans jeunesse, fantasy<\/b> ou encore <b>litt\u00e9rature adulte<\/b>.<\/p>\n<p>Deux lapins<\/p>\n<p class=\" wall-content\">\u00ab\u00a0Les mangas et les bandes dessin\u00e9es sont des vrais livres\u00a0\u00bb, tient \u00e0 pr\u00e9ciser Alexine, en apprentissage depuis un an. Pour cet \u00e9t\u00e9, les deux jeunes femmes ont s\u00e9lectionn\u00e9 trois ouvrages coup de c\u0153ur.<\/p>\n<p class=\" wall-content\">Ali\u00e9nor a choisi la bande dessin\u00e9e Watership Down, une adaptation du roman de Richard Adams. L\u2019histoire suit deux lapins, dont un qui, guid\u00e9 par les proph\u00e9ties de son fr\u00e8re, est persuad\u00e9 que leur garenne est en danger. Cette aventure m\u00eale amiti\u00e9 et rebondissements. \u00ab\u00a0\u00c7a para\u00eet enfantin, mais \u00e7a ne l\u2019est pas du tout. Le c\u00f4t\u00e9 animal donne une tout autre dimension qui est tr\u00e8s sympa \u00e0 voir\u00a0\u00bb, explique la libraire.<\/p>\n<p>Catastrophe imminente<\/p>\n<p class=\" wall-content\">Place \u00e0 la jeunesse avec sa deuxi\u00e8me proposition, Le C\u0153ur de la Fa\u00ebrie, de M\u00e9lanie Wency, autrice de L\u2019Isle-Adam. Une fille-fleur annonce une catastrophe imminente dans le royaume de la f\u00e9erie.<\/p>\n<p class=\" wall-content\">Seuls les princes de la cour du Printemps et de l\u2019Automne prennent sa mise en garde au s\u00e9rieux. Ensemble, ils forment un trio pour tenter de sauver le royaume.<\/p>\n<p>Aux notes de Scarlatti<\/p>\n<p class=\" wall-content\">Alexine, quant \u00e0 elle, recommande 555, d\u2019H\u00e9l\u00e8ne Gestern. Il s\u2019agit d\u2019un roman pour adulte qui m\u00eale musique et myst\u00e8re.<\/p>\n<p class=\" wall-content\">Une partition est d\u00e9couverte dans un \u00e9tui \u00e0 violon. \u00ab\u00a0On pense qu\u2019elle a \u00e9t\u00e9 compos\u00e9e par Domenico Scarlatti, un grand monsieur de la musique classique. Ce compositeur a \u00e9crit 555 sonates et cette partition serait la 556e\u00ab\u00a0, raconte Alexine.<\/p>\n<p class=\" wall-content\">Une enqu\u00eate va \u00eatre lanc\u00e9e par des personnages venant de milieux diff\u00e9rents afin de savoir qui l\u2019a r\u00e9ellement \u00e9crite.<\/p>\n<p class=\" wall-content\">Elisabeth PIVIN<\/p>\n<p>    <a href=\"https:\/\/maps.google.com\/maps?q=49.11112921333037,2.217920279762251&amp;z=15&amp;output=embed\" title=\"Ouvrie le lien\" rel=\"nofollow noopener\" target=\"_blank\">Cliquez ici pour visualiser le contenu<\/a><\/p>\n<p>L\u2019Imaginarium, 6, avenue des Bonshommes, \u00e0 L\u2019Isle-Adam.<\/p>\n<p class=\" wall-content\">Suivez toute l\u2019actualit\u00e9 de vos villes et m\u00e9dias favoris en vous inscrivant \u00e0 <a href=\"https:\/\/moncompte.actu.fr\" title=\"D\u00e9couvez Mon Actu\" rel=\"nofollow noopener\" data-trk=\"{&quot;cta&quot;:{&quot;action&quot;:&quot;https:\\\/\\\/moncompte.actu.fr&quot;,&quot;category&quot;:&quot;mon compte&quot;,&quot;from&quot;:&quot;article footer&quot;,&quot;name&quot;:&quot;Mon actu&quot;,&quot;type&quot;:&quot;cta&quot;}}\" target=\"_blank\">Mon Actu<\/a>.<\/p>\n","protected":false},"excerpt":{"rendered":"Par R\u00e9daction Pontoise Publi\u00e9 le 8 ao\u00fbt 2025 \u00e0 11h46 \u00ab\u00a0Il n\u2019y a pas de mauvaise lecture. La&hellip;\n","protected":false},"author":2,"featured_media":304835,"comment_status":"","ping_status":"","sticky":false,"template":"","format":"standard","meta":{"footnotes":""},"categories":[1357],"tags":[1379,58,59,1011,27,1380,1652],"class_list":{"0":"post-304834","1":"post","2":"type-post","3":"status-publish","4":"format-standard","5":"has-post-thumbnail","7":"category-livres","8":"tag-books","9":"tag-divertissement","10":"tag-entertainment","11":"tag-fr","12":"tag-france","13":"tag-livres","14":"tag-loisirs-culture"},"share_on_mastodon":{"url":"https:\/\/pubeurope.com\/@fr\/114992630058267000","error":""},"_links":{"self":[{"href":"https:\/\/www.europesays.com\/fr\/wp-json\/wp\/v2\/posts\/304834","targetHints":{"allow":["GET"]}}],"collection":[{"href":"https:\/\/www.europesays.com\/fr\/wp-json\/wp\/v2\/posts"}],"about":[{"href":"https:\/\/www.europesays.com\/fr\/wp-json\/wp\/v2\/types\/post"}],"author":[{"embeddable":true,"href":"https:\/\/www.europesays.com\/fr\/wp-json\/wp\/v2\/users\/2"}],"replies":[{"embeddable":true,"href":"https:\/\/www.europesays.com\/fr\/wp-json\/wp\/v2\/comments?post=304834"}],"version-history":[{"count":0,"href":"https:\/\/www.europesays.com\/fr\/wp-json\/wp\/v2\/posts\/304834\/revisions"}],"wp:featuredmedia":[{"embeddable":true,"href":"https:\/\/www.europesays.com\/fr\/wp-json\/wp\/v2\/media\/304835"}],"wp:attachment":[{"href":"https:\/\/www.europesays.com\/fr\/wp-json\/wp\/v2\/media?parent=304834"}],"wp:term":[{"taxonomy":"category","embeddable":true,"href":"https:\/\/www.europesays.com\/fr\/wp-json\/wp\/v2\/categories?post=304834"},{"taxonomy":"post_tag","embeddable":true,"href":"https:\/\/www.europesays.com\/fr\/wp-json\/wp\/v2\/tags?post=304834"}],"curies":[{"name":"wp","href":"https:\/\/api.w.org\/{rel}","templated":true}]}}