{"id":304838,"date":"2025-08-08T10:18:10","date_gmt":"2025-08-08T10:18:10","guid":{"rendered":"https:\/\/www.europesays.com\/fr\/304838\/"},"modified":"2025-08-08T10:18:10","modified_gmt":"2025-08-08T10:18:10","slug":"la-twingo-la-twingo-le-rappeur-jul-reagit-a-sa-facon-a-la-polemique-autour-de-toi-et-moi","status":"publish","type":"post","link":"https:\/\/www.europesays.com\/fr\/304838\/","title":{"rendered":"La Twingo, la Twingo\u00a0\u00bb: le rappeur Jul r\u00e9agit (\u00e0 sa fa\u00e7on) \u00e0 la pol\u00e9mique autour de \u00ab\u00a0Toi et moi"},"content":{"rendered":"<p>Calvi, samedi 2 ao\u00fbt dernier. En plein showcase en Corse, Jul l\u00e2che dans son style inimitable: \u00ab\u00a0La Twingo, la Twingo! Et merci la zone!\u00a0\u00bb<\/p>\n<p>Quelques instants plus t\u00f4t, il s\u2019adressait \u00e0 son public, hilare et s\u00fbr de lui: \u00ab\u00a0\u202fJe suis en feu, je vous mens pas, je suis en feu sur Insta!\u00a0\u00bb Une mani\u00e8re, plus ou moins subtile, de r\u00e9pondre \u00e0 la pol\u00e9mique qui enflamme les r\u00e9seaux depuis la sortie de son dernier titre, Toi et moi.<\/p>\n<p><strong>Entre Kendji et auto-d\u00e9rision<\/strong><\/p>\n<p>Sorti le 1er ao\u00fbt, le morceau a pris tout le monde \u00e0 contre-pied. Guitare flamenca, ambiance gipsy, paroles romantiques et cette punchline devenue virale &#8211; \u00ab\u00a0avec tes yeux aussi noirs que ma Twingo\u00a0\u00bb: Jul adopte une posture inattendue qui rappelle\u2026 Kendji Girac. Il n\u2019en fallait pas plus pour que les internautes rebaptisent le rappeur \u00ab\u00a0Kendjul\u00a0\u00bb, moquant un morceau \u00ab\u00a0\u202ffa\u00e7on Gipsy Kings\u00a0\u00bb qui, selon certains, n\u2019a rien de tr\u00e8s Jul &#8211; ni sur le fond, ni sur la forme.<\/p>\n<p>                                <strong>Et si tout avait \u00e9t\u00e9 g\u00e9n\u00e9r\u00e9 par l&rsquo;IA?<\/strong><\/p>\n<p>Plus encore que le virage musical, c\u2019est la rumeur d\u2019un morceau enti\u00e8rement g\u00e9n\u00e9r\u00e9 par IA qui rapidement aliment\u00e9 les d\u00e9bats. Sur X (anciennement Twitter), un beatmaker affirme que Toi et moi aurait \u00e9t\u00e9 produit via Suno, un outil d\u2019intelligence artificielle musicale.<\/p>\n<p>Il pointe plusieurs anomalies techniques: ch\u0153urs \u00ab\u00a0robotiques\u00a0\u00bb, qualit\u00e9 audio faible, transitions \u00e9tranges. Sa vid\u00e9o a \u00e9t\u00e9 vue plus de 800 000 fois, relan\u00e7ant les soup\u00e7ons d\u2019un canular num\u00e9rique.<\/p>\n<p><strong>Jul brouille les pistes (et s\u2019amuse du buzz)<\/strong><\/p>\n<p>Jul, fid\u00e8le \u00e0 son style, n\u2019a pas r\u00e9pondu frontalement. Mais il alimente le buzz \u00e0 sa fa\u00e7on. Sur Instagram et TikTok, il publie des visuels g\u00e9n\u00e9r\u00e9s par IA o\u00f9 il s\u2019affiche guitare en main, en chemise ouverte, entour\u00e9 de caravanes blanches. En l\u00e9gende, le hashtag #IASPORTS. Ni aveu, ni d\u00e9menti. Juste un clin d\u2019\u0153il qui entretient la confusion.<\/p>\n<p>En concert, le rappeur marseillais s\u2019amuse de tout \u00e7a. Il envoie des d\u00e9dicaces, parle d\u2019Instagram, \u00e9voque sa Twingo, et lance \u00e0 son public: \u00ab\u00a0Je veux repartir avec des \u00e9toiles dans les yeux, comme vous\u00a0\u00bb.\u202f<\/p>\n<p>Difficile de savoir si Toi et moi est une exp\u00e9rimentation artistique, une blague g\u00e9ante ou une v\u00e9ritable tentative de r\u00e9invention. Mais une chose est s\u00fbre: Jul sait mieux que quiconque comment alimenter le buzz &#8211; avec ou sans intelligence artificielle.<\/p>\n","protected":false},"excerpt":{"rendered":"Calvi, samedi 2 ao\u00fbt dernier. En plein showcase en Corse, Jul l\u00e2che dans son style inimitable: \u00ab\u00a0La Twingo,&hellip;\n","protected":false},"author":2,"featured_media":304839,"comment_status":"","ping_status":"","sticky":false,"template":"","format":"standard","meta":{"footnotes":""},"categories":[1355],"tags":[251,58,59,1011,27,1361,873],"class_list":{"0":"post-304838","1":"post","2":"type-post","3":"status-publish","4":"format-standard","5":"has-post-thumbnail","7":"category-musique","8":"tag-culture","9":"tag-divertissement","10":"tag-entertainment","11":"tag-fr","12":"tag-france","13":"tag-music","14":"tag-musique"},"share_on_mastodon":{"url":"https:\/\/pubeurope.com\/@fr\/114992637950690950","error":""},"_links":{"self":[{"href":"https:\/\/www.europesays.com\/fr\/wp-json\/wp\/v2\/posts\/304838","targetHints":{"allow":["GET"]}}],"collection":[{"href":"https:\/\/www.europesays.com\/fr\/wp-json\/wp\/v2\/posts"}],"about":[{"href":"https:\/\/www.europesays.com\/fr\/wp-json\/wp\/v2\/types\/post"}],"author":[{"embeddable":true,"href":"https:\/\/www.europesays.com\/fr\/wp-json\/wp\/v2\/users\/2"}],"replies":[{"embeddable":true,"href":"https:\/\/www.europesays.com\/fr\/wp-json\/wp\/v2\/comments?post=304838"}],"version-history":[{"count":0,"href":"https:\/\/www.europesays.com\/fr\/wp-json\/wp\/v2\/posts\/304838\/revisions"}],"wp:featuredmedia":[{"embeddable":true,"href":"https:\/\/www.europesays.com\/fr\/wp-json\/wp\/v2\/media\/304839"}],"wp:attachment":[{"href":"https:\/\/www.europesays.com\/fr\/wp-json\/wp\/v2\/media?parent=304838"}],"wp:term":[{"taxonomy":"category","embeddable":true,"href":"https:\/\/www.europesays.com\/fr\/wp-json\/wp\/v2\/categories?post=304838"},{"taxonomy":"post_tag","embeddable":true,"href":"https:\/\/www.europesays.com\/fr\/wp-json\/wp\/v2\/tags?post=304838"}],"curies":[{"name":"wp","href":"https:\/\/api.w.org\/{rel}","templated":true}]}}