{"id":304840,"date":"2025-08-08T10:19:25","date_gmt":"2025-08-08T10:19:25","guid":{"rendered":"https:\/\/www.europesays.com\/fr\/304840\/"},"modified":"2025-08-08T10:19:25","modified_gmt":"2025-08-08T10:19:25","slug":"liam-neeson-dans-un-the-last-of-us-comique-bande-annonce-pour-cold-storage","status":"publish","type":"post","link":"https:\/\/www.europesays.com\/fr\/304840\/","title":{"rendered":"Liam Neeson dans un The Last of Us comique : bande-annonce pour Cold Storage"},"content":{"rendered":"<p><strong><a href=\"https:\/\/www.ecranlarge.com\/personnalite\/653479-liam-neeson\" data-type=\"people\" data-id=\"28380\" rel=\"nofollow noopener\" target=\"_blank\">Liam Neeson<\/a> doit encore sauver le monde, cette fois d\u2019une sorte d\u2019apocalypse \u00ab\u00a0zombies\u00a0\u00bb fa\u00e7on <a href=\"https:\/\/www.ecranlarge.com\/series\/1168630-the-last-of-us\" data-type=\"series\" data-id=\"695287\" rel=\"nofollow noopener\" target=\"_blank\">The Last of Us<\/a>, dans la bande-annonce du film <a href=\"https:\/\/www.ecranlarge.com\/films\/cold-storage\" data-type=\"films\" data-id=\"1329132\" rel=\"nofollow noopener\" target=\"_blank\">Cold Storage<\/a>.  <\/strong><\/p>\n<p>Apr\u00e8s avoir longuement questionn\u00e9 (et un peu moqu\u00e9) le virage de Liam Neeson vers les s\u00e9ries B d\u2019action interchangeables, on se doit bien de souligner les quelques pas de c\u00f4t\u00e9 que l\u2019acteur, qui s\u2019est dit lui-m\u00eame trop \u00e2g\u00e9 pour les films d\u2019action, est en train de faire. Certes, on le verra bient\u00f4t au casting d\u2019<strong>Hotel Tehran<\/strong>, un autre film d\u2019action dans lequel il jouera un ancien op\u00e9rateur de la CIA, mais il sera d\u2019abord \u00e0 l\u2019affiche de la com\u00e9die <strong>Y a-t-il un flic pour sauver le monde ?<\/strong>, le nouvel opus de la franchise <strong>Y a-t-il un flic\u2026<\/strong> inspir\u00e9e de la s\u00e9rie <strong>Police Squad<\/strong> des ZAZ. <\/p>\n<p>                    <img decoding=\"async\" alt=\"\" class=\"wp-image-518375\" style=\"object-fit:cover;width:25px;height:25px\" src=\"https:\/\/www.ecranlarge.com\/content\/uploads\/2023\/09\/arrow-right-circle.svg\"\/><\/p>\n<p>Dans un autre registre, on le verra \u00e9galement dans <strong>Cold Storage<\/strong>, un film de science-fiction r\u00e9alis\u00e9 par <a href=\"https:\/\/www.ecranlarge.com\/personnalite\/681695-jonny-campbell\" data-type=\"people\" data-id=\"187835\" rel=\"nofollow noopener\" target=\"_blank\">Jonny Campbell<\/a> (qui a principalement r\u00e9alis\u00e9 des \u00e9pisodes de s\u00e9ries comme <strong>Informer<\/strong>, <strong>In the Flesh,<\/strong> <strong>Doctor Who<\/strong>). Le sc\u00e9nario est quant \u00e0 lui \u00e9crit par <a href=\"https:\/\/www.imdb.com\/fr\/name\/nm0462895\/?ref_=tt_ov_2_1\" target=\"_blank\" rel=\"noopener nofollow\">David Koepp<\/a>, d\u2019apr\u00e8s son propre roman, Chambre froide (Cold Storage en VO), publi\u00e9 en 2019. Studio Canal a r\u00e9cemment d\u00e9voil\u00e9 une bande-annonce qui promet une sorte de version comique de<strong> The Last of Us<\/strong>, volontairement kitsch et gentiment gore. Est-ce que c\u2019est un argument pour ou contre le film, on vous laisse trancher. <\/p>\n<p><a href=\"https:\/\/www.ecranlarge.com\/content\/uploads\/2025\/08\/e7656f71-d0a2-4c8e-a847-52761322.jpg\" rel=\"nofollow noopener\" target=\"_blank\"><\/p>\n<p><img loading=\"lazy\" decoding=\"async\" alt=\"Cold Storage, Liam Neeson\" src=\"https:\/\/www.europesays.com\/fr\/wp-content\/uploads\/2025\/08\/e7656f71-d0a2-4c8e-a847-52761322-1260x710.jpg\" width=\"1260\" height=\"710\"  \/><\/p>\n<p><\/a>Il doit sauver le monde, encoreSTRANGER THINGS, AGAIN<\/p>\n<p>Dans <strong>Cold Storage<\/strong>, Liam Neeson incarne Robert Quinn, un agent du bioterrorisme \u00e0 la retraite qui reprend du service pour arr\u00eater et d\u00e9truire un micro-organisme en constante mutation capable d\u2019\u00e9teindre l\u2019esp\u00e8ce humaine et qui s\u2019est \u00e9chapp\u00e9 d\u2019une installation militaire. \u00c0 son contact, les humains (et les animaux) deviennent des infect\u00e9s \u00e0 l\u2019apparence fongique, d\u2019o\u00f9 le rapprochement avec <strong>The Last of Us<\/strong>.<\/p>\n<p>Pour sauver le monde de l\u2019apocalypse, Robert Quinn est \u00ab\u00a0aid\u00e9\u00a0\u00bb par deux employ\u00e9s de l\u2019installation, Naomi, jou\u00e9e par <a href=\"https:\/\/www.ecranlarge.com\/personnalite\/994108-georgina-campbell\" data-type=\"people\" data-id=\"477806\" rel=\"nofollow noopener\" target=\"_blank\">Georgina Campbell <\/a>(<strong>Barbare<\/strong>, <strong>Les Guetteurs<\/strong>), et Travis, incarn\u00e9 par <a href=\"https:\/\/www.ecranlarge.com\/personnalite\/1015064-joe-keery\" data-type=\"people\" data-id=\"480923\" rel=\"nofollow noopener\" target=\"_blank\">Joe Keery<\/a> (<strong>Stranger Things<\/strong>, <strong>Fargo<\/strong>). Le film est notamment produit par Gavin Polone, derri\u00e8re <strong>Bienvenue \u00e0 Zombieland <\/strong>et <strong>Retour \u00e0 Zombieland<\/strong>, ce qui justifie un peu plus l\u2019aspect quasi parodique qui se d\u00e9gage de la bande-annonce. <\/p>\n<p>                    <img decoding=\"async\" alt=\"\" class=\"wp-image-518375\" style=\"object-fit:cover;width:25px;height:25px\" src=\"https:\/\/www.ecranlarge.com\/content\/uploads\/2023\/09\/arrow-right-circle.svg\"\/><\/p>\n<p>Le reste du casting comprend Lesley Manville (<strong>Phantom Thread<\/strong>, <strong>Queer<\/strong>), Sosie Bacon (<strong>Smile<\/strong>, <strong>13 Reasons Why<\/strong>), Aaron Heffernan (<strong>La Guerre des mondes<\/strong>, la s\u00e9rie Canal) et Vanessa Redgrave (<strong>Reviens-moi<\/strong>, <strong>Ennemis jur\u00e9s<\/strong>). <strong>Cold Storage<\/strong> sortira au cin\u00e9ma, \u00e0 une date qui n\u2019a pas encore \u00e9t\u00e9 annonc\u00e9e. Avant \u00e7a, on retrouvera Liam Neeson d\u00e8s le 13 ao\u00fbt prochain dans <strong>Y a-t-il un flic pour sauver le monde ?<\/strong>. <\/p>\n","protected":false},"excerpt":{"rendered":"Liam Neeson doit encore sauver le monde, cette fois d\u2019une sorte d\u2019apocalypse \u00ab\u00a0zombies\u00a0\u00bb fa\u00e7on The Last of Us,&hellip;\n","protected":false},"author":2,"featured_media":304841,"comment_status":"","ping_status":"","sticky":false,"template":"","format":"standard","meta":{"footnotes":""},"categories":[1354],"tags":[58,59,1346,1011,27,1360],"class_list":{"0":"post-304840","1":"post","2":"type-post","3":"status-publish","4":"format-standard","5":"has-post-thumbnail","7":"category-films","8":"tag-divertissement","9":"tag-entertainment","10":"tag-films","11":"tag-fr","12":"tag-france","13":"tag-movies"},"share_on_mastodon":{"url":"https:\/\/pubeurope.com\/@fr\/114992641883074478","error":""},"_links":{"self":[{"href":"https:\/\/www.europesays.com\/fr\/wp-json\/wp\/v2\/posts\/304840","targetHints":{"allow":["GET"]}}],"collection":[{"href":"https:\/\/www.europesays.com\/fr\/wp-json\/wp\/v2\/posts"}],"about":[{"href":"https:\/\/www.europesays.com\/fr\/wp-json\/wp\/v2\/types\/post"}],"author":[{"embeddable":true,"href":"https:\/\/www.europesays.com\/fr\/wp-json\/wp\/v2\/users\/2"}],"replies":[{"embeddable":true,"href":"https:\/\/www.europesays.com\/fr\/wp-json\/wp\/v2\/comments?post=304840"}],"version-history":[{"count":0,"href":"https:\/\/www.europesays.com\/fr\/wp-json\/wp\/v2\/posts\/304840\/revisions"}],"wp:featuredmedia":[{"embeddable":true,"href":"https:\/\/www.europesays.com\/fr\/wp-json\/wp\/v2\/media\/304841"}],"wp:attachment":[{"href":"https:\/\/www.europesays.com\/fr\/wp-json\/wp\/v2\/media?parent=304840"}],"wp:term":[{"taxonomy":"category","embeddable":true,"href":"https:\/\/www.europesays.com\/fr\/wp-json\/wp\/v2\/categories?post=304840"},{"taxonomy":"post_tag","embeddable":true,"href":"https:\/\/www.europesays.com\/fr\/wp-json\/wp\/v2\/tags?post=304840"}],"curies":[{"name":"wp","href":"https:\/\/api.w.org\/{rel}","templated":true}]}}