{"id":304842,"date":"2025-08-08T10:20:13","date_gmt":"2025-08-08T10:20:13","guid":{"rendered":"https:\/\/www.europesays.com\/fr\/304842\/"},"modified":"2025-08-08T10:20:13","modified_gmt":"2025-08-08T10:20:13","slug":"des-nouvelles-de-sa-sante-3","status":"publish","type":"post","link":"https:\/\/www.europesays.com\/fr\/304842\/","title":{"rendered":"des nouvelles de sa sant\u00e9"},"content":{"rendered":"<p>            <a href=\"https:\/\/www.journaldesfemmes.fr\/people\/magazine\/3236952-actu-people-france-aout-karine-le-marchand-tatiana-silva-semaine-1\/3237018-prince-harry\" class=\"app_button_nav_prev jMiddlePreviousButton\" rel=\"nofollow noopener\" target=\"_blank\"><\/a><a href=\"https:\/\/www.journaldesfemmes.fr\/people\/magazine\/3236952-actu-people-france-aout-karine-le-marchand-tatiana-silva-semaine-1\/3237008-gerard-jugnot\" class=\"app_button_nav_next jMiddleNextButton\" rel=\"nofollow noopener\" target=\"_blank\"><\/a><\/p>\n<p>                <img loading=\"lazy\" decoding=\"async\" src=\"https:\/\/www.europesays.com\/fr\/wp-content\/uploads\/2025\/08\/39994729.jpg\" alt=\"\" width=\"250\" height=\"458\"\/><br \/>\n            <a href=\"https:\/\/img-3.journaldesfemmes.fr\/bWSuzu-iec6SEsLBipLIIGN7eUQ=\/3333x\/smart\/c649e330700a47f9bd0b857ef1322f32\/ccmcms-jdf\/39994729.jpg\" class=\"fancy app_btn_1 app_btn--ico\" rel=\"nofollow noopener\" target=\"_blank\"><\/a>Catherine Matausch \u00a9\u00a0Jacques BENAROCH\/SIPA    <\/p>\n<p><strong>Sant\u00e9 retrouv\u00e9e<\/strong>. En 2020, Catherine Matausch s&rsquo;est battue contre un cancer du poumon et est d\u00e9sormais en r\u00e9mission. \u00ab\u00a05\u00a0ans apr\u00e8s mon cancer et mon op\u00e9ration \u00e0 l&rsquo;h\u00f4pital Foch de Suresnes je vais tr\u00e8s bien (&#8230;) Mon cancer a \u00e9t\u00e9 d\u00e9tect\u00e9 tr\u00e8s t\u00f4t gr\u00e2ce \u00e0 un scanner\u00a0\u00bb, a racont\u00e9 la journaliste de 65 ans sur Facebook.<\/p>\n","protected":false},"excerpt":{"rendered":"Catherine Matausch \u00a9\u00a0Jacques BENAROCH\/SIPA Sant\u00e9 retrouv\u00e9e. En 2020, Catherine Matausch s&rsquo;est battue contre un cancer du poumon et&hellip;\n","protected":false},"author":2,"featured_media":295992,"comment_status":"","ping_status":"","sticky":false,"template":"","format":"standard","meta":{"footnotes":""},"categories":[10],"tags":[1011,27,72,71],"class_list":{"0":"post-304842","1":"post","2":"type-post","3":"status-publish","4":"format-standard","5":"has-post-thumbnail","7":"category-sante","8":"tag-fr","9":"tag-france","10":"tag-health","11":"tag-sante"},"share_on_mastodon":{"url":"https:\/\/pubeurope.com\/@fr\/114992645889960319","error":""},"_links":{"self":[{"href":"https:\/\/www.europesays.com\/fr\/wp-json\/wp\/v2\/posts\/304842","targetHints":{"allow":["GET"]}}],"collection":[{"href":"https:\/\/www.europesays.com\/fr\/wp-json\/wp\/v2\/posts"}],"about":[{"href":"https:\/\/www.europesays.com\/fr\/wp-json\/wp\/v2\/types\/post"}],"author":[{"embeddable":true,"href":"https:\/\/www.europesays.com\/fr\/wp-json\/wp\/v2\/users\/2"}],"replies":[{"embeddable":true,"href":"https:\/\/www.europesays.com\/fr\/wp-json\/wp\/v2\/comments?post=304842"}],"version-history":[{"count":0,"href":"https:\/\/www.europesays.com\/fr\/wp-json\/wp\/v2\/posts\/304842\/revisions"}],"wp:featuredmedia":[{"embeddable":true,"href":"https:\/\/www.europesays.com\/fr\/wp-json\/wp\/v2\/media\/295992"}],"wp:attachment":[{"href":"https:\/\/www.europesays.com\/fr\/wp-json\/wp\/v2\/media?parent=304842"}],"wp:term":[{"taxonomy":"category","embeddable":true,"href":"https:\/\/www.europesays.com\/fr\/wp-json\/wp\/v2\/categories?post=304842"},{"taxonomy":"post_tag","embeddable":true,"href":"https:\/\/www.europesays.com\/fr\/wp-json\/wp\/v2\/tags?post=304842"}],"curies":[{"name":"wp","href":"https:\/\/api.w.org\/{rel}","templated":true}]}}